{"id":23764,"date":"2022-08-19T21:00:34","date_gmt":"2022-08-20T02:00:34","guid":{"rendered":"http:\/\/elobservatorio.com.mx\/?p=23764"},"modified":"2022-08-19T21:00:34","modified_gmt":"2022-08-20T02:00:34","slug":"trasladan-a-jose-bernabe-alias-la-vaca-al-penal-de-almoloya-de-juarez","status":"publish","type":"post","link":"http:\/\/elobservatorio.com.mx\/?p=23764","title":{"rendered":"Trasladan a Jos\u00e9 Bernab\u00e9, alias \u2018La Vaca\u2019 al penal de Almoloya de Ju\u00e1rez"},"content":{"rendered":"<p><em>*Cuenta con dos \u00f3rdenes de aprehensi\u00f3n; una por el delito de acopio de armas y otra por homicidio<\/em><\/p>\n<header id=\"pinno-post-head\" class=\"left relative\"><\/header>\n<div id=\"pinno-post-content\" class=\"left relative\">\n<div id=\"pinno-post-feat-img\" class=\"left relative pinno-post-feat-img-wide2\"><strong>Jos\u00e9 Bernab\u00e9 \u201cN\u201d, al\u00edas \u201cLa Vaca\u201d<\/strong>, uno de los principales generadores de<strong>\u00a0violencia en Colima\u00a0<\/strong>y quien fuera detenido ayer en la Ciudad de M\u00e9xico, fue trasladado este viernes al penal del Altiplano en Almoloya de Ju\u00e1rez, Estado de M\u00e9xico.<\/div>\n<div id=\"pinno-content-wrap\" class=\"left relative\">\n<div id=\"pinno-content-body\" class=\"left relative\">\n<div id=\"pinno-content-body-top\" class=\"left relative\">\n<div id=\"pinno-content-main\" class=\"left relative\">\n<p>El traslado se realiz\u00f3 alrededor de las 17:00 horas de este 19 de agosto, mediante un dispositivo en el que se desplegaron m\u00e1s de 15 veh\u00edculos de la\u00a0Secretar\u00eda de la Defensa Nacional\u00a0y de la\u00a0Secretar\u00eda de Seguridad Ciudadana, adem\u00e1s de un helic\u00f3ptero, con polic\u00edas con armas largas.<\/p>\n<p>Tras ser detenido la noche del jueves en inmediaciones de un hotel ubicado en Anzures, alcald\u00eda Miguel Hidalgo, \u201cLa Vaca\u201d fue llevado a la Fiscal\u00eda de Investigaci\u00f3n de Asuntos Relevantes de la colonia Del Gas,\u00a0en la<strong>\u00a0<\/strong>alcald\u00eda Azcapotzalco.<\/p>\n<p>\u201cLa Vaca\u201d es se\u00f1alado como presunto l\u00edder del \u201c<strong>C\u00e1rtel Independiente de Colima<\/strong>\u201c, grupo criminal que sostiene una disputa con el C\u00e1rtel de Jalisco Nueva Generaci\u00f3n (<strong>CJNG<\/strong>) por el control del estado colimense.<\/p>\n<p>No obstante, cuenta con dos \u00f3rdenes de aprehensi\u00f3n libradas por autoridades de dos entidades: en Colima por el delito de acopio de armas y de Tamaulipas por el delito de homicidio. Adem\u00e1s, registra antecedentes penales por homicidio en Baja California, ya que en sus inicios perteneci\u00f3 al grupo de \u201cLos Arellano F\u00e9lix\u201d.<\/p>\n<p>Cabe se\u00f1alar que ayer, luego de revelarse la detenci\u00f3n de Jos\u00e9 Bernab\u00e9 \u201cN\u201d, se registraron diversos hechos violentos en Colima,\u00a0 tales como detonaciones por arma de fuego y quema de entre 10 y 12 veh\u00edculos. Sin embargo, hasta el momento no hay reporte de personas lesionadas o v\u00edctimas mortales.<\/p>\n<p><em>Con informaci\u00f3n de noticiasenlamira.com\u00a0<\/em><\/p>\n<\/div>\n<\/div>\n<\/div>\n<\/div>\n<\/div>\n<p>&nbsp;<\/p>\n","protected":false},"excerpt":{"rendered":"<p>*Cuenta con dos \u00f3rdenes de aprehensi\u00f3n; una por el delito de acopio de armas y otra por homicidio Jos\u00e9 Bernab\u00e9 \u201cN\u201d, al\u00edas \u201cLa Vaca\u201d, uno de los principales generadores de\u00a0violencia en Colima\u00a0y quien fuera detenido ayer en la Ciudad de M\u00e9xico, fue trasladado este viernes al penal del Altiplano en Almoloya de Ju\u00e1rez, Estado de&#8230;<\/p>\n","protected":false},"author":2,"featured_media":23765,"comment_status":"open","ping_status":"open","sticky":false,"template":"","format":"standard","meta":{"footnotes":""},"categories":[15],"tags":[29,30,28],"class_list":["post-23764","post","type-post","status-publish","format-standard","has-post-thumbnail","hentry","category-seguridad-y-justicia","tag-grid","tag-news","tag-slider"],"_links":{"self":[{"href":"http:\/\/elobservatorio.com.mx\/index.php?rest_route=\/wp\/v2\/posts\/23764"}],"collection":[{"href":"http:\/\/elobservatorio.com.mx\/index.php?rest_route=\/wp\/v2\/posts"}],"about":[{"href":"http:\/\/elobservatorio.com.mx\/index.php?rest_route=\/wp\/v2\/types\/post"}],"author":[{"embeddable":true,"href":"http:\/\/elobservatorio.com.mx\/index.php?rest_route=\/wp\/v2\/users\/2"}],"replies":[{"embeddable":true,"href":"http:\/\/elobservatorio.com.mx\/index.php?rest_route=%2Fwp%2Fv2%2Fcomments&post=23764"}],"version-history":[{"count":0,"href":"http:\/\/elobservatorio.com.mx\/index.php?rest_route=\/wp\/v2\/posts\/23764\/revisions"}],"wp:featuredmedia":[{"embeddable":true,"href":"http:\/\/elobservatorio.com.mx\/index.php?rest_route=\/wp\/v2\/media\/23765"}],"wp:attachment":[{"href":"http:\/\/elobservatorio.com.mx\/index.php?rest_route=%2Fwp%2Fv2%2Fmedia&parent=23764"}],"wp:term":[{"taxonomy":"category","embeddable":true,"href":"http:\/\/elobservatorio.com.mx\/index.php?rest_route=%2Fwp%2Fv2%2Fcategories&post=23764"},{"taxonomy":"post_tag","embeddable":true,"href":"http:\/\/elobservatorio.com.mx\/index.php?rest_route=%2Fwp%2Fv2%2Ftags&post=23764"}],"curies":[{"name":"wp","href":"https:\/\/api.w.org\/{rel}","templated":true}]}}