{"id":23810,"date":"2022-08-23T19:40:10","date_gmt":"2022-08-24T00:40:10","guid":{"rendered":"http:\/\/elobservatorio.com.mx\/?p=23810"},"modified":"2022-08-23T19:45:03","modified_gmt":"2022-08-24T00:45:03","slug":"basificados-en-issste-colima-denunciaran-a-la-secretaria-de-la-subcomision-mixta-de-escalafon","status":"publish","type":"post","link":"http:\/\/elobservatorio.com.mx\/?p=23810","title":{"rendered":"Basificados en ISSSTE Colima denunciar\u00e1n a la Secretar\u00eda de la Subcomisi\u00f3n Mixta de escalaf\u00f3n"},"content":{"rendered":"<p>Se iniciar\u00e1 una investigaci\u00f3n ante la Secretar\u00eda de la Funci\u00f3n P\u00fablica federal,\u00a0 a la funcionaria Mar\u00eda Fernanda Casta\u00f1eda Ruiz,\u00a0 quien labora en la Delegaci\u00f3n del ISSSTE en Colima y tiene el cargo de Secretaria T\u00e9cnica de la Sub Comisi\u00f3n Estatal Mixta de escalaf\u00f3n en la Delegaci\u00f3n del ISSSTE en el estado de Colima.<\/p>\n<p>Lo anterior por negligencia en sus obligaciones como funcionaria, adem\u00e1s por da\u00f1os y perjuicios que\u00a0 ha ocasionado a los trabajadores de base y a la propia Cl\u00ednica Hospital \u00abDr Miguel Trejo Ochoa\u00bb.<\/p>\n<p>Estos trabajadores de base afectados llevan m\u00e1s de 1 a\u00f1o sin poder ocupar los puestos que se ganaron a trav\u00e9s de una convocatoria.<\/p>\n<p>Sin embargo,\u00a0 ya son varios a\u00f1os y meses y los puestos contin\u00faan ac\u00e9falos corri\u00e9ndose el riesgo de que dichas plazas se pierdan ya que la normatividad marca que no pueden cubrirse m\u00e1s de dos interinatos de forma consecutiva. Por lo que la Cl\u00ednica \u00abDr Miguel Trejo Ochoa\u00bb corre el riego de perder dichas plazas por negligencia de esta funcionaria.<\/p>\n<p>Cabe mencionar que Mar\u00eda Fernanda Casta\u00f1eda Ruiz les hace firmar de conocimiento que fueron ganadores de la plaza pero nunca les entrega constancia alguna de los resultados de forma f\u00edsica,\u00a0 argumentando que por indicaciones que ella recibe no puede entregar nada a los trabajadores que fueron ganadores a las diferentes plazas.<\/p>\n<p>Estaremos denunciando ante la Funci\u00f3n p\u00fablica e informaremos al Director General del ISSSTE al Dr Pedro Zenteno Santaella de estas irregularidades y turnaremos copia a Presidencia de la Rep\u00fablica.<\/p>\n","protected":false},"excerpt":{"rendered":"<p>Se iniciar\u00e1 una investigaci\u00f3n ante la Secretar\u00eda de la Funci\u00f3n P\u00fablica federal,\u00a0 a la funcionaria Mar\u00eda Fernanda Casta\u00f1eda Ruiz,\u00a0 quien labora en la Delegaci\u00f3n del ISSSTE en Colima y tiene el cargo de Secretaria T\u00e9cnica de la Sub Comisi\u00f3n Estatal Mixta de escalaf\u00f3n en la Delegaci\u00f3n del ISSSTE en el estado de Colima. Lo anterior&#8230;<\/p>\n","protected":false},"author":2,"featured_media":23811,"comment_status":"open","ping_status":"open","sticky":false,"template":"","format":"standard","meta":{"footnotes":""},"categories":[12],"tags":[29,30,59],"class_list":["post-23810","post","type-post","status-publish","format-standard","has-post-thumbnail","hentry","category-sociedad","tag-grid","tag-news","tag-sllider"],"_links":{"self":[{"href":"http:\/\/elobservatorio.com.mx\/index.php?rest_route=\/wp\/v2\/posts\/23810"}],"collection":[{"href":"http:\/\/elobservatorio.com.mx\/index.php?rest_route=\/wp\/v2\/posts"}],"about":[{"href":"http:\/\/elobservatorio.com.mx\/index.php?rest_route=\/wp\/v2\/types\/post"}],"author":[{"embeddable":true,"href":"http:\/\/elobservatorio.com.mx\/index.php?rest_route=\/wp\/v2\/users\/2"}],"replies":[{"embeddable":true,"href":"http:\/\/elobservatorio.com.mx\/index.php?rest_route=%2Fwp%2Fv2%2Fcomments&post=23810"}],"version-history":[{"count":0,"href":"http:\/\/elobservatorio.com.mx\/index.php?rest_route=\/wp\/v2\/posts\/23810\/revisions"}],"wp:featuredmedia":[{"embeddable":true,"href":"http:\/\/elobservatorio.com.mx\/index.php?rest_route=\/wp\/v2\/media\/23811"}],"wp:attachment":[{"href":"http:\/\/elobservatorio.com.mx\/index.php?rest_route=%2Fwp%2Fv2%2Fmedia&parent=23810"}],"wp:term":[{"taxonomy":"category","embeddable":true,"href":"http:\/\/elobservatorio.com.mx\/index.php?rest_route=%2Fwp%2Fv2%2Fcategories&post=23810"},{"taxonomy":"post_tag","embeddable":true,"href":"http:\/\/elobservatorio.com.mx\/index.php?rest_route=%2Fwp%2Fv2%2Ftags&post=23810"}],"curies":[{"name":"wp","href":"https:\/\/api.w.org\/{rel}","templated":true}]}}