{"id":23830,"date":"2022-08-23T22:57:03","date_gmt":"2022-08-24T03:57:03","guid":{"rendered":"http:\/\/elobservatorio.com.mx\/?p=23830"},"modified":"2022-08-23T22:57:03","modified_gmt":"2022-08-24T03:57:03","slug":"clausura-el-ayuntamiento-los-cursos-de-verano-2022","status":"publish","type":"post","link":"http:\/\/elobservatorio.com.mx\/?p=23830","title":{"rendered":"Clausura el Ayuntamiento los Cursos de Verano 2022"},"content":{"rendered":"<p><em>*Se entregaron constancias a m\u00e1s de 250 participantes<\/em><\/p>\n<p>Fueron clausurados de manera formal, los Cursos de Verano que la Direcci\u00f3n de Desarrollo Humano, a trav\u00e9s de la direcci\u00f3n de Educaci\u00f3n y Personas J\u00f3venes imparti\u00f3 en distintas sedes del municipio durante el periodo vacacional, actividades con las que se beneficiaron m\u00e1s de 250 ni\u00f1as y ni\u00f1os desde los 6 hasta los 12 a\u00f1os de edad.<\/p>\n<p>En la Plaza Ju\u00e1rez y con la participaci\u00f3n del director de Desarrollo Humano, Jorge Vargas, el director de Educaci\u00f3n y Personas J\u00f3venes, Carlos Luna, agradeci\u00f3 a cada uno de las y los participantes le haber acudido al llamado del Ayuntamiento de Manzanillo.<\/p>\n<p>Es de mencionar, que m\u00e1s de 250 peque\u00f1as y peque\u00f1os de 6 a 12 a\u00f1os de edad, acudieron a las Bibliotecas municipales de; Colomos, Lomas Verdes, El Chavar\u00edn, Vista del Mar, Campos, Jalipa, Camotl\u00e1n de Miraflores, al Centro Municipal de Negocios, Instituto Municipal de la Cultura, Direcci\u00f3n de Desarrollo Humano.<\/p>\n<p>Ellas y ellos hicieron actividades socioemocionales \u201cMonstruo de colores\u201d; manualidades; igualdad sustantiva; teatro; polic\u00eda amigo; valores; chaval turistero; cuentacuentos; aprendiendo la buena alimentaci\u00f3n, educaci\u00f3n vial, entre otros.<\/p>\n<p>Este tipo de cursos seguir\u00e1n ofreci\u00e9ndose en el periodo de verano, pues su objetivo es poder otorgar herramientas de aprendizajes para las y los menores.<\/p>\n<p>En esta clausura participaron con diversos stands, las Direcciones de Turismo, la de Ferias y Exposiciones, Prevenci\u00f3n Social del Delito, Salud P\u00fablica, INMUJERES, DIF, Polic\u00eda Vial, CAPDAM, entre otras. Todas ellas, recibieron los trabajos realizados por las ni\u00f1as y ni\u00f1os quienes trabajaron en distintas formas, principalmente respecto a los valores y adem\u00e1s se les entregaron reconocimientos por su labor.<\/p>\n<p>Ah\u00ed, en Plaza Ju\u00e1rez, luego de haber recibido sus reconocimientos, ni\u00f1as y ni\u00f1os disfrutaron, por parte de la CAPDAM, la obra de teatro gui\u00f1ol, \u201cLa gotita de agua\u201d.<\/p>\n<p>Finalmente, tambi\u00e9n se entregaron reconocimientos a las y los bibliotecarios que participaron en estos Cursos de Verano 2022.<\/p>\n","protected":false},"excerpt":{"rendered":"<p>*Se entregaron constancias a m\u00e1s de 250 participantes Fueron clausurados de manera formal, los Cursos de Verano que la Direcci\u00f3n de Desarrollo Humano, a trav\u00e9s de la direcci\u00f3n de Educaci\u00f3n y Personas J\u00f3venes imparti\u00f3 en distintas sedes del municipio durante el periodo vacacional, actividades con las que se beneficiaron m\u00e1s de 250 ni\u00f1as y ni\u00f1os&#8230;<\/p>\n","protected":false},"author":2,"featured_media":23831,"comment_status":"open","ping_status":"open","sticky":false,"template":"","format":"standard","meta":{"footnotes":""},"categories":[35,8],"tags":[29,30,28],"class_list":["post-23830","post","type-post","status-publish","format-standard","has-post-thumbnail","hentry","category-manzanillo","category-municipios","tag-grid","tag-news","tag-slider"],"_links":{"self":[{"href":"http:\/\/elobservatorio.com.mx\/index.php?rest_route=\/wp\/v2\/posts\/23830"}],"collection":[{"href":"http:\/\/elobservatorio.com.mx\/index.php?rest_route=\/wp\/v2\/posts"}],"about":[{"href":"http:\/\/elobservatorio.com.mx\/index.php?rest_route=\/wp\/v2\/types\/post"}],"author":[{"embeddable":true,"href":"http:\/\/elobservatorio.com.mx\/index.php?rest_route=\/wp\/v2\/users\/2"}],"replies":[{"embeddable":true,"href":"http:\/\/elobservatorio.com.mx\/index.php?rest_route=%2Fwp%2Fv2%2Fcomments&post=23830"}],"version-history":[{"count":0,"href":"http:\/\/elobservatorio.com.mx\/index.php?rest_route=\/wp\/v2\/posts\/23830\/revisions"}],"wp:featuredmedia":[{"embeddable":true,"href":"http:\/\/elobservatorio.com.mx\/index.php?rest_route=\/wp\/v2\/media\/23831"}],"wp:attachment":[{"href":"http:\/\/elobservatorio.com.mx\/index.php?rest_route=%2Fwp%2Fv2%2Fmedia&parent=23830"}],"wp:term":[{"taxonomy":"category","embeddable":true,"href":"http:\/\/elobservatorio.com.mx\/index.php?rest_route=%2Fwp%2Fv2%2Fcategories&post=23830"},{"taxonomy":"post_tag","embeddable":true,"href":"http:\/\/elobservatorio.com.mx\/index.php?rest_route=%2Fwp%2Fv2%2Ftags&post=23830"}],"curies":[{"name":"wp","href":"https:\/\/api.w.org\/{rel}","templated":true}]}}