{"id":23833,"date":"2022-08-23T23:21:41","date_gmt":"2022-08-24T04:21:41","guid":{"rendered":"http:\/\/elobservatorio.com.mx\/?p=23833"},"modified":"2022-08-23T23:21:41","modified_gmt":"2022-08-24T04:21:41","slug":"va-a-prision-por-violencia-intrafamiliar-y-lesiones","status":"publish","type":"post","link":"http:\/\/elobservatorio.com.mx\/?p=23833","title":{"rendered":"Va a prisi\u00f3n por violencia intrafamiliar y lesiones"},"content":{"rendered":"<p><em>*Los hechos se registraron en la colonia Bosques del Sur de esta <\/em><em>Ciudad<\/em><em> Capital<\/em><\/p>\n<p>Gracias a que se aportaron los datos de prueba necesarios por el personal de la Fiscal\u00eda Especializada en Delitos por Razones de Genero de la Fiscal\u00eda General del Estado (FGE), un Juez de Control inici\u00f3 proceso a un masculino por un hecho que la ley marca como delito de violencia intrafamiliar y lesiones en agravio de una mujer y un menor de edad.<\/p>\n<p>Los hechos se registraron el pasado 14 de agosto del presente a\u00f1o, en un domicilio ubicado en la colonia Bosques del Sur del municipio de Colima, lugar en el que se encontraba el imputado en estado de ebriedad y las v\u00edctimas, siendo una de estas \u00faltimas amenazada por el masculino con un arma blanca y despu\u00e9s con privarla de la vida, mientras que la otra v\u00edctima menor de edad fue agredida f\u00edsicamente por el imputado. Posteriormente, cuando las personas agraviadas lograron salir del domicilio, solicitaron el apoyo de la autoridad a trav\u00e9s de la l\u00ednea de emergencia, quienes minutos m\u00e1s tarde llegaron al lugar de lo acontecido.<\/p>\n<p>Derivado de lo anterior, el sujeto fue vinculado a proceso dict\u00e1ndosele como medida cautelar la prisi\u00f3n preventiva justificada.<\/p>\n<p>La Fiscal\u00eda exhorta a la poblaci\u00f3n a denunciar este tipo de delitos ante el Centro de Justicia para las Mujeres (CJM), a trav\u00e9s de los n\u00fameros telef\u00f3nicos: 312 1614446, 312 1614447 y 3121947616 o llamar a las l\u00edneas 911 para las emergencias y 089 ante las denuncias an\u00f3nimas.<\/p>\n","protected":false},"excerpt":{"rendered":"<p>*Los hechos se registraron en la colonia Bosques del Sur de esta Ciudad Capital Gracias a que se aportaron los datos de prueba necesarios por el personal de la Fiscal\u00eda Especializada en Delitos por Razones de Genero de la Fiscal\u00eda General del Estado (FGE), un Juez de Control inici\u00f3 proceso a un masculino por un&#8230;<\/p>\n","protected":false},"author":2,"featured_media":2059,"comment_status":"open","ping_status":"open","sticky":false,"template":"","format":"standard","meta":{"footnotes":""},"categories":[15],"tags":[29,30,28],"class_list":["post-23833","post","type-post","status-publish","format-standard","has-post-thumbnail","hentry","category-seguridad-y-justicia","tag-grid","tag-news","tag-slider"],"_links":{"self":[{"href":"http:\/\/elobservatorio.com.mx\/index.php?rest_route=\/wp\/v2\/posts\/23833"}],"collection":[{"href":"http:\/\/elobservatorio.com.mx\/index.php?rest_route=\/wp\/v2\/posts"}],"about":[{"href":"http:\/\/elobservatorio.com.mx\/index.php?rest_route=\/wp\/v2\/types\/post"}],"author":[{"embeddable":true,"href":"http:\/\/elobservatorio.com.mx\/index.php?rest_route=\/wp\/v2\/users\/2"}],"replies":[{"embeddable":true,"href":"http:\/\/elobservatorio.com.mx\/index.php?rest_route=%2Fwp%2Fv2%2Fcomments&post=23833"}],"version-history":[{"count":0,"href":"http:\/\/elobservatorio.com.mx\/index.php?rest_route=\/wp\/v2\/posts\/23833\/revisions"}],"wp:featuredmedia":[{"embeddable":true,"href":"http:\/\/elobservatorio.com.mx\/index.php?rest_route=\/wp\/v2\/media\/2059"}],"wp:attachment":[{"href":"http:\/\/elobservatorio.com.mx\/index.php?rest_route=%2Fwp%2Fv2%2Fmedia&parent=23833"}],"wp:term":[{"taxonomy":"category","embeddable":true,"href":"http:\/\/elobservatorio.com.mx\/index.php?rest_route=%2Fwp%2Fv2%2Fcategories&post=23833"},{"taxonomy":"post_tag","embeddable":true,"href":"http:\/\/elobservatorio.com.mx\/index.php?rest_route=%2Fwp%2Fv2%2Ftags&post=23833"}],"curies":[{"name":"wp","href":"https:\/\/api.w.org\/{rel}","templated":true}]}}