{"id":23838,"date":"2022-08-23T23:47:28","date_gmt":"2022-08-24T04:47:28","guid":{"rendered":"http:\/\/elobservatorio.com.mx\/?p=23838"},"modified":"2022-08-23T23:47:28","modified_gmt":"2022-08-24T04:47:28","slug":"imparten-a-funcionario-municipales-conferencia-sobre-discapacidad","status":"publish","type":"post","link":"http:\/\/elobservatorio.com.mx\/?p=23838","title":{"rendered":"Imparten a funcionario municipales conferencia sobre discapacidad"},"content":{"rendered":"<p>Con el objetivo de visibilizar el tema y concientizar a la poblaci\u00f3n sobre las dificultades a las que se enfrentan las personas con discapacidad, el DIF Municipal Cuauht\u00e9moc en coordinaci\u00f3n con la Secretar\u00eda de Prevenci\u00f3n Social del Estado de Colima, llev\u00f3 a cabo la conferencia \u201cPercepci\u00f3n de la Discapacidad\u201d.<\/p>\n<p>La informaci\u00f3n impartida por Mart\u00edn Moreno Fern\u00e1ndez, Paola Garc\u00eda Garc\u00eda, Carmen Areli Mart\u00ednez Bonilla y la Aleydis Elizabeth Guzm\u00e1n Medina, se dirigi\u00f3 a las y los funcionarios del Ayuntamiento de Cuauht\u00e9moc, como parte de las acciones para coadyuvar en la construcci\u00f3n de una cultura de paz en Colima.<\/p>\n<p>La presidenta del DIF, Nadia Mej\u00eda Mart\u00ednez, expres\u00f3 que la ignorancia es la causa constante de la discriminaci\u00f3n que existe en torno a las personas con discapacidad; por eso se busca promover la accesibilidad y la inclusi\u00f3n como derechos fundamentales.<\/p>\n<p>\u201cLas personas con discapacidad no son un mundo aparte, son parte de nuestro mundo, y hoy es su d\u00eda sembremos juntos conciencia y sensibilicemos a nuestra sociedad, en camino a la verdadera inclusi\u00f3n y equidad\u201d, dijo.<\/p>\n<p>En este evento se dej\u00f3 en claro que la discapacidad es un concepto complejo que evoluciona en el tiempo y que actualmente se enfoca en las barreras f\u00edsicas y de actitud que restringen la participaci\u00f3n plena y efectiva de las personas.<\/p>\n<p>Una persona con discapacidad es aquella que tiene alg\u00fan impedimento f\u00edsico, mental o sensorial, el cual lo limita al interactuar con diversas barreras presentes en su entorno, impidiendo o restringiendo su participaci\u00f3n plena y efectiva en la sociedad, en igualdad de condiciones con las dem\u00e1s.<\/p>\n<p>Asimismo, los expositores mencionaron que las personas con discapacidad son la minor\u00eda m\u00e1s amplia en el mundo, y suelen tener m\u00e1s dificultades que otros en todos los niveles, sobre todo en el acceso a la educaci\u00f3n, a la salud, al mercado laboral, y dificultades econ\u00f3micas.<\/p>\n<p>De igualmente coincidieron en que este sector enfrenta la discriminaci\u00f3n social que a veces existe en su entorno, y que la falta de legislaci\u00f3n adecuada hace que su vida sea m\u00e1s dif\u00edcil.<\/p>\n","protected":false},"excerpt":{"rendered":"<p>Con el objetivo de visibilizar el tema y concientizar a la poblaci\u00f3n sobre las dificultades a las que se enfrentan las personas con discapacidad, el DIF Municipal Cuauht\u00e9moc en coordinaci\u00f3n con la Secretar\u00eda de Prevenci\u00f3n Social del Estado de Colima, llev\u00f3 a cabo la conferencia \u201cPercepci\u00f3n de la Discapacidad\u201d. La informaci\u00f3n impartida por Mart\u00edn Moreno&#8230;<\/p>\n","protected":false},"author":2,"featured_media":23839,"comment_status":"open","ping_status":"open","sticky":false,"template":"","format":"standard","meta":{"footnotes":""},"categories":[40,8],"tags":[29,30,28],"class_list":["post-23838","post","type-post","status-publish","format-standard","has-post-thumbnail","hentry","category-cuauhtemoc","category-municipios","tag-grid","tag-news","tag-slider"],"_links":{"self":[{"href":"http:\/\/elobservatorio.com.mx\/index.php?rest_route=\/wp\/v2\/posts\/23838"}],"collection":[{"href":"http:\/\/elobservatorio.com.mx\/index.php?rest_route=\/wp\/v2\/posts"}],"about":[{"href":"http:\/\/elobservatorio.com.mx\/index.php?rest_route=\/wp\/v2\/types\/post"}],"author":[{"embeddable":true,"href":"http:\/\/elobservatorio.com.mx\/index.php?rest_route=\/wp\/v2\/users\/2"}],"replies":[{"embeddable":true,"href":"http:\/\/elobservatorio.com.mx\/index.php?rest_route=%2Fwp%2Fv2%2Fcomments&post=23838"}],"version-history":[{"count":0,"href":"http:\/\/elobservatorio.com.mx\/index.php?rest_route=\/wp\/v2\/posts\/23838\/revisions"}],"wp:featuredmedia":[{"embeddable":true,"href":"http:\/\/elobservatorio.com.mx\/index.php?rest_route=\/wp\/v2\/media\/23839"}],"wp:attachment":[{"href":"http:\/\/elobservatorio.com.mx\/index.php?rest_route=%2Fwp%2Fv2%2Fmedia&parent=23838"}],"wp:term":[{"taxonomy":"category","embeddable":true,"href":"http:\/\/elobservatorio.com.mx\/index.php?rest_route=%2Fwp%2Fv2%2Fcategories&post=23838"},{"taxonomy":"post_tag","embeddable":true,"href":"http:\/\/elobservatorio.com.mx\/index.php?rest_route=%2Fwp%2Fv2%2Ftags&post=23838"}],"curies":[{"name":"wp","href":"https:\/\/api.w.org\/{rel}","templated":true}]}}