{"id":2394,"date":"2019-02-13T07:43:56","date_gmt":"2019-02-13T07:43:56","guid":{"rendered":"http:\/\/elobservatorio.com.mx\/cabalgata-de-la-gasolina-este-miercoles-a-las-2000-horas"},"modified":"2019-02-13T07:43:56","modified_gmt":"2019-02-13T07:43:56","slug":"cabalgata-de-la-gasolina-este-miercoles-a-las-2000-horas","status":"publish","type":"post","link":"http:\/\/elobservatorio.com.mx\/?p=2394","title":{"rendered":"Cabalgata de la Gasolina, este Mi\u00e9rcoles, a las 20:00 Horas"},"content":{"rendered":"<p><em>*Las actividades de los Festejos contemplan, adem\u00e1s, la cabalgata diurna, el toro de once, el recibimiento y el jaripeo<\/em><\/p>\n<p>Este mi\u00e9rcoles 13, a las 20:00 horas, est\u00e1 contemplada la Cabalgata Nocturna de la Gasolina, dentro del programa de los 162 Festejos Charrotaurinos Villa de \u00c1lvarez 2019.<\/p>\n<p>De acuerdo con esta programaci\u00f3n de los festejos, las actividades comenzar\u00e1n entre 11 y 12 horas con la cabalgata diurna; a las 13 horas el Toro de Once; 14:30 horas el recibimiento a cargo del Ayuntamiento de Coquimatl\u00e1n, presidido por Jos\u00e9 Guadalupe Benavides Flori\u00e1n; el jaripeo, de las 17:00 horas, brindado por la Asociaci\u00f3n Ganadera de Coquimatl\u00e1n, representada por el MVZ J. Jes\u00fas V\u00e1zquez N\u00fa\u00f1ez; y, a las 20:00 horas, la Cabalgata de la Gasolina.<\/p>\n<p>Mediante comunicado de prensa, la Direcci\u00f3n de Comunicaci\u00f3n Social inform\u00f3 que ya est\u00e1 programado el dispositivo Vial y de Seguridad, de las instancias de Tr\u00e1nsito y Vialidad y Seguridad P\u00fablica, a cargo de Daniel Iglesias y Sergio Granados, en coordinaci\u00f3n con las instancias del ramo en los \u00e1mbitos federal y estatal.<\/p>\n","protected":false},"excerpt":{"rendered":"<p>*Las actividades de los Festejos contemplan, adem\u00e1s, la cabalgata diurna, el toro de once, el recibimiento y el jaripeo Este mi\u00e9rcoles 13, a las 20:00 horas, est\u00e1 contemplada la Cabalgata Nocturna de la Gasolina, dentro del programa de los 162 Festejos Charrotaurinos Villa de \u00c1lvarez 2019. De acuerdo con esta programaci\u00f3n de los festejos, las&#8230;<\/p>\n","protected":false},"author":2,"featured_media":2395,"comment_status":"open","ping_status":"open","sticky":false,"template":"","format":"standard","meta":{"footnotes":""},"categories":[8,42],"tags":[29,30,28],"class_list":["post-2394","post","type-post","status-publish","format-standard","has-post-thumbnail","hentry","category-municipios","category-villa-de-alvarez","tag-grid","tag-news","tag-slider"],"_links":{"self":[{"href":"http:\/\/elobservatorio.com.mx\/index.php?rest_route=\/wp\/v2\/posts\/2394"}],"collection":[{"href":"http:\/\/elobservatorio.com.mx\/index.php?rest_route=\/wp\/v2\/posts"}],"about":[{"href":"http:\/\/elobservatorio.com.mx\/index.php?rest_route=\/wp\/v2\/types\/post"}],"author":[{"embeddable":true,"href":"http:\/\/elobservatorio.com.mx\/index.php?rest_route=\/wp\/v2\/users\/2"}],"replies":[{"embeddable":true,"href":"http:\/\/elobservatorio.com.mx\/index.php?rest_route=%2Fwp%2Fv2%2Fcomments&post=2394"}],"version-history":[{"count":0,"href":"http:\/\/elobservatorio.com.mx\/index.php?rest_route=\/wp\/v2\/posts\/2394\/revisions"}],"wp:featuredmedia":[{"embeddable":true,"href":"http:\/\/elobservatorio.com.mx\/index.php?rest_route=\/wp\/v2\/media\/2395"}],"wp:attachment":[{"href":"http:\/\/elobservatorio.com.mx\/index.php?rest_route=%2Fwp%2Fv2%2Fmedia&parent=2394"}],"wp:term":[{"taxonomy":"category","embeddable":true,"href":"http:\/\/elobservatorio.com.mx\/index.php?rest_route=%2Fwp%2Fv2%2Fcategories&post=2394"},{"taxonomy":"post_tag","embeddable":true,"href":"http:\/\/elobservatorio.com.mx\/index.php?rest_route=%2Fwp%2Fv2%2Ftags&post=2394"}],"curies":[{"name":"wp","href":"https:\/\/api.w.org\/{rel}","templated":true}]}}