{"id":23955,"date":"2022-08-30T23:50:14","date_gmt":"2022-08-31T04:50:14","guid":{"rendered":"http:\/\/elobservatorio.com.mx\/?p=23955"},"modified":"2022-08-30T23:50:14","modified_gmt":"2022-08-31T04:50:14","slug":"regidor-roberto-verduzco-apoyara-para-que-se-realice-cabalgata-civica-en-tecoman","status":"publish","type":"post","link":"http:\/\/elobservatorio.com.mx\/?p=23955","title":{"rendered":"Regidor Roberto Verduzco apoyar\u00e1 para que se realice cabalgata c\u00edvica en Tecom\u00e1n"},"content":{"rendered":"<p><em>*Con esta actividad se pretende que exista una vinculaci\u00f3n ciudadana, Ej\u00e9rcito-Ciudadano.<\/em><\/p>\n<p>Como parte de las actividades que realiza la Secretar\u00eda de la Defensa Nacional (SEDENA), en coordinaci\u00f3n con el 88 Batall\u00f3n de Infanter\u00eda; el Secretario de la Asociaci\u00f3n de Charros de Tecom\u00e1n y actual Regidor del Ayuntamiento, Roberto Verduzco Espinosa, sostuvo un primer acercamiento con el Coronel de infanter\u00eda, Diplomado del Estado Mayor, Sergio L\u00f3pez Lara, encargado de las Fuerzas Rurales del Municipio de Tecom\u00e1n, con el fin de organizar una cabalgata c\u00edvica que se llevar\u00e1 a cabo en fechas pr\u00f3ximas.<\/p>\n<p>El Regidor Verduzco Espinoza, indag\u00f3 que, se sumar\u00e1 al llamado del coronel L\u00f3pez Lara, para coadyuvar y apoyar en la log\u00edstica de este evento, pero sobre todo armar una cabalgata el cual permita al ej\u00e9rcito dar a conocer los programas de estudios que brinda la escuela militarizada as\u00ed como de las actividades que realizan.<\/p>\n<p>De la misma manera, el mun\u00edcipe mencion\u00f3 que, la charrer\u00eda es una tradici\u00f3n en el cual los charros llevan a cabo cabalgatas bajo sus reglamentos nacionales, y otras, que de igual manera realizan con la participaci\u00f3n de cabalgantes y de quienes les gusta la monta de caballos.<\/p>\n<p>Por su parte, el Coronel, L\u00f3pez Lara, dijo que el objetivo de realizar este evento, es que, la SEDENA, pretende que exista una vinculaci\u00f3n ciudadana, Ej\u00e9rcito-Ciudadano, que se tenga m\u00e1s contacto con la ciudadan\u00eda.<\/p>\n<p>Abund\u00f3 que el ej\u00e9rcito pretende tener ese contacto con la gente para que los conozcan mejor, y se rompa el estereotipo de que las fuerzas armadas solo est\u00e1n siendo empleados en funciones no sustantivas de su quehacer diario.<\/p>\n<p>Cabe mencionar que en esta reuni\u00f3n tambi\u00e9n estuvo presente, Alejandro Hern\u00e1ndez Angulo y Octavio Verduzco Torres, Presidente de la Asociaci\u00f3n de Charros de Tecom\u00e1n y Tesorero de la Asociaci\u00f3n, respectivamente.<\/p>\n<p>&nbsp;<\/p>\n","protected":false},"excerpt":{"rendered":"<p>*Con esta actividad se pretende que exista una vinculaci\u00f3n ciudadana, Ej\u00e9rcito-Ciudadano. Como parte de las actividades que realiza la Secretar\u00eda de la Defensa Nacional (SEDENA), en coordinaci\u00f3n con el 88 Batall\u00f3n de Infanter\u00eda; el Secretario de la Asociaci\u00f3n de Charros de Tecom\u00e1n y actual Regidor del Ayuntamiento, Roberto Verduzco Espinosa, sostuvo un primer acercamiento con&#8230;<\/p>\n","protected":false},"author":2,"featured_media":23956,"comment_status":"open","ping_status":"open","sticky":false,"template":"","format":"standard","meta":{"footnotes":""},"categories":[8,34],"tags":[29,30,28],"class_list":["post-23955","post","type-post","status-publish","format-standard","has-post-thumbnail","hentry","category-municipios","category-tecoman","tag-grid","tag-news","tag-slider"],"_links":{"self":[{"href":"http:\/\/elobservatorio.com.mx\/index.php?rest_route=\/wp\/v2\/posts\/23955"}],"collection":[{"href":"http:\/\/elobservatorio.com.mx\/index.php?rest_route=\/wp\/v2\/posts"}],"about":[{"href":"http:\/\/elobservatorio.com.mx\/index.php?rest_route=\/wp\/v2\/types\/post"}],"author":[{"embeddable":true,"href":"http:\/\/elobservatorio.com.mx\/index.php?rest_route=\/wp\/v2\/users\/2"}],"replies":[{"embeddable":true,"href":"http:\/\/elobservatorio.com.mx\/index.php?rest_route=%2Fwp%2Fv2%2Fcomments&post=23955"}],"version-history":[{"count":0,"href":"http:\/\/elobservatorio.com.mx\/index.php?rest_route=\/wp\/v2\/posts\/23955\/revisions"}],"wp:featuredmedia":[{"embeddable":true,"href":"http:\/\/elobservatorio.com.mx\/index.php?rest_route=\/wp\/v2\/media\/23956"}],"wp:attachment":[{"href":"http:\/\/elobservatorio.com.mx\/index.php?rest_route=%2Fwp%2Fv2%2Fmedia&parent=23955"}],"wp:term":[{"taxonomy":"category","embeddable":true,"href":"http:\/\/elobservatorio.com.mx\/index.php?rest_route=%2Fwp%2Fv2%2Fcategories&post=23955"},{"taxonomy":"post_tag","embeddable":true,"href":"http:\/\/elobservatorio.com.mx\/index.php?rest_route=%2Fwp%2Fv2%2Ftags&post=23955"}],"curies":[{"name":"wp","href":"https:\/\/api.w.org\/{rel}","templated":true}]}}