{"id":23958,"date":"2022-08-31T00:46:07","date_gmt":"2022-08-31T05:46:07","guid":{"rendered":"http:\/\/elobservatorio.com.mx\/?p=23958"},"modified":"2022-08-31T00:46:07","modified_gmt":"2022-08-31T05:46:07","slug":"exhorta-gaby-mejia-a-jovenes-a-luchar-por-alcanzar-sus-suenos","status":"publish","type":"post","link":"http:\/\/elobservatorio.com.mx\/?p=23958","title":{"rendered":"Exhorta Gaby Mej\u00eda a j\u00f3venes a luchar por alcanzar sus sue\u00f1os"},"content":{"rendered":"<p class=\"x_gmail-MsoNoSpacing\"><i>*Entreg\u00f3 el Premio Municipal de las Juventudes Cuauht\u00e9moc 2022.<\/i><\/p>\n<p class=\"x_gmail-MsoNoSpacing\">Al encabezar la entrega del Premio Municipal de las Juventudes \u201cCuauht\u00e9moc 2022\u201d, la alcaldesa Gabriela Mej\u00eda Mart\u00ednez, afirm\u00f3 que las y los j\u00f3venes deben seguir tomando las mejores decisiones y mandar un mensaje de que la preparaci\u00f3n, el esfuerzo y la disciplina son claves para alcanzar los sue\u00f1os.<\/p>\n<p class=\"x_gmail-MsoNoSpacing\">Reiter\u00f3 su compromiso de seguir llevando beneficios a este sector, para el cual ya hubo una entrega de becas y actualmente se trabaja mediante la capacitaci\u00f3n como escuela de cuadros y oratoria, por ello los conmin\u00f3 a seguir participando y hacer equipo con la administraci\u00f3n municipal que encabeza.<\/p>\n<p class=\"x_gmail-MsoNoSpacing\">Eduardo D\u00e1vila Santana, director de la Juventud reconoci\u00f3 en la presidenta municipal a una servidora p\u00fablica que ha logrado generar acciones, estrategias y programas enfocados a este importante sector y una peque\u00f1a muestra es este reconocimiento a quienes dan lo mejor de s\u00ed para ver progresar esta tierra.<\/p>\n<p class=\"x_gmail-MsoNoSpacing\">A nombre de los reconocidos habl\u00f3 Paulina Guadalupe Cobi\u00e1n \u00c1valos, quien agradeci\u00f3 especialmente a la alcaldesa, por interesarse en la juventud \u201cpues los j\u00f3venes tenemos un gran potencial y si recibimos los apoyos y motivaciones como \u00e9sta, nos inspiran a seguir luchando por alcanzar nuestros objetivos\u201d, se\u00f1al\u00f3<\/p>\n<p class=\"x_gmail-MsoNoSpacing\">Recibieron reconocimientos en Excelencia Acad\u00e9mica, Monserrat de Jes\u00fas Ceballos P\u00e9rez; Emprendedora, Paulina Guadalupe Cobi\u00e1n Avalos; Arte y Cultura, Tayde Gabriela Verduzco Rodr\u00edguez y en Derechos Humanos, G\u00e9nero y Diversidad sexual, Diana Laura Rivera Valdovinos.<\/p>\n<p class=\"x_gmail-MsoNoSpacing\">En Deporte el ganador fue Diego Emanuel Anguiano Aguayo; Innovaci\u00f3n, Tecnol\u00f3gica y Cient\u00edfica, Naira Guadalupe Mendoza Llamas; en Desarrollo Rural y Cuidado del Medio Ambiente, Iris Andrea Grimaldo Garc\u00eda y en Labor Social, \u00c1ngel Mart\u00edn Campos Hern\u00e1ndez.<\/p>\n<p class=\"x_gmail-MsoNoSpacing\">Igualmente recibieron reconocimiento por su participaci\u00f3n Evelyn Margarita Preciado M\u00e1rquez, Giovanni Alessandro Rodr\u00edguez Guti\u00e9rrez y Monserrath Guadalupe Tintos Sandoval.<\/p>\n","protected":false},"excerpt":{"rendered":"<p>*Entreg\u00f3 el Premio Municipal de las Juventudes Cuauht\u00e9moc 2022. Al encabezar la entrega del Premio Municipal de las Juventudes \u201cCuauht\u00e9moc 2022\u201d, la alcaldesa Gabriela Mej\u00eda Mart\u00ednez, afirm\u00f3 que las y los j\u00f3venes deben seguir tomando las mejores decisiones y mandar un mensaje de que la preparaci\u00f3n, el esfuerzo y la disciplina son claves para alcanzar&#8230;<\/p>\n","protected":false},"author":2,"featured_media":23959,"comment_status":"open","ping_status":"open","sticky":false,"template":"","format":"standard","meta":{"footnotes":""},"categories":[40,8],"tags":[29,30,28],"class_list":["post-23958","post","type-post","status-publish","format-standard","has-post-thumbnail","hentry","category-cuauhtemoc","category-municipios","tag-grid","tag-news","tag-slider"],"_links":{"self":[{"href":"http:\/\/elobservatorio.com.mx\/index.php?rest_route=\/wp\/v2\/posts\/23958"}],"collection":[{"href":"http:\/\/elobservatorio.com.mx\/index.php?rest_route=\/wp\/v2\/posts"}],"about":[{"href":"http:\/\/elobservatorio.com.mx\/index.php?rest_route=\/wp\/v2\/types\/post"}],"author":[{"embeddable":true,"href":"http:\/\/elobservatorio.com.mx\/index.php?rest_route=\/wp\/v2\/users\/2"}],"replies":[{"embeddable":true,"href":"http:\/\/elobservatorio.com.mx\/index.php?rest_route=%2Fwp%2Fv2%2Fcomments&post=23958"}],"version-history":[{"count":0,"href":"http:\/\/elobservatorio.com.mx\/index.php?rest_route=\/wp\/v2\/posts\/23958\/revisions"}],"wp:featuredmedia":[{"embeddable":true,"href":"http:\/\/elobservatorio.com.mx\/index.php?rest_route=\/wp\/v2\/media\/23959"}],"wp:attachment":[{"href":"http:\/\/elobservatorio.com.mx\/index.php?rest_route=%2Fwp%2Fv2%2Fmedia&parent=23958"}],"wp:term":[{"taxonomy":"category","embeddable":true,"href":"http:\/\/elobservatorio.com.mx\/index.php?rest_route=%2Fwp%2Fv2%2Fcategories&post=23958"},{"taxonomy":"post_tag","embeddable":true,"href":"http:\/\/elobservatorio.com.mx\/index.php?rest_route=%2Fwp%2Fv2%2Ftags&post=23958"}],"curies":[{"name":"wp","href":"https:\/\/api.w.org\/{rel}","templated":true}]}}