{"id":2404,"date":"2019-02-13T19:30:49","date_gmt":"2019-02-13T19:30:49","guid":{"rendered":"http:\/\/elobservatorio.com.mx\/%c2%bfeficiencia-y-transparencia"},"modified":"2019-02-13T19:30:49","modified_gmt":"2019-02-13T19:30:49","slug":"%c2%bfeficiencia-y-transparencia","status":"publish","type":"post","link":"http:\/\/elobservatorio.com.mx\/?p=2404","title":{"rendered":"\u00bfEFICIENCIA Y TRANSPARENCIA?"},"content":{"rendered":"<p><strong>ESTACI\u00d3N SUFRAGIO<\/strong><\/p>\n<p><em>Adalberto Carvajal<\/em><\/p>\n<p>Mientras tendr\u00eda que estar festejando tres a\u00f1os de \u201ccompromisos cumplidos\u201d, el gobierno de Ignacio Peralta se pasa los d\u00edas intentando explicar por qu\u00e9 no se han cumplido sus dos principales promesas de campa\u00f1a, restablecer el Estado de Bienestar y recuperar el Estado de Derecho, ofertas pol\u00edticas impl\u00edcitas en el lema: \u201cVas a vivir feliz, seguro\u201d.<\/p>\n<p>El lunes, durante la ceremonia c\u00edvica del mes en el Complejo Administrativo, el gobernador Jos\u00e9 Ignacio Peralta S\u00e1nchez asegur\u00f3 que su administraci\u00f3n se ha enfrentado a la \u201cadversidad\u201d en sus tres primeros a\u00f1os. Y proclam\u00f3 que, sin embargo, \u201cha logrado sobreponerse y buscar la eficiencia\u201d.<\/p>\n<p>No obstante que el gobierno no es una empresa de la cual puedas claudicar (el cargo mismo es irrenunciable), celebr\u00f3 llegar a su tercer aniversario \u201ctrabajando y dando resultados\u201d, menciona el bolet\u00edn de prensa. Asumo que tal es su obligaci\u00f3n.<\/p>\n<p>Como respuesta a la pregunta que se hacen desde 2016 distintos sectores de la sociedad, \u00bfqu\u00e9 diablos hicieron con el dinero?, JIPS explic\u00f3 que \u201crecibi\u00f3 problemas que no se resolvieron durante a\u00f1os y que se acrecentaron, combin\u00e1ndose con nuevos retos\u201d.<\/p>\n<p>Antes de su llegada al poder, dijo Nacho, la situaci\u00f3n administrativa y financiera del gobierno estatal era penosa, \u201cpor lo que se carec\u00eda del soporte indispensable para trabajar. Y sin embargo lo logramos\u201d.<\/p>\n<p>\u00bfLograron qu\u00e9?, cabe preguntarse. Pues nada menos que \u201cla recuperaci\u00f3n financiera, la reordenaci\u00f3n administrativa y la transparencia en el gasto\u201d.<\/p>\n<p>Adem\u00e1s, se crearon \u201cnuevas instituciones al servicio de la sociedad, como la dedicada a las pensiones de los trabajadores del sector p\u00fablico, lo cual es una garant\u00eda de justicia social y de estabilidad hacia los siguientes a\u00f1os\u201d.<\/p>\n<p>De paso, no obstante que las dos legislaturas con las que le ha tocado convivir arrancaron su periodo con una mayor\u00eda de oposici\u00f3n \u2013la primera en manos del PAN, la actual en las de Morena\u2013 el r\u00e9gimen priista en el estado consigui\u00f3 \u201cun dise\u00f1o de normatividad m\u00e1s adecuada a nuestra circunstancia\u201d, una \u201crevigorizaci\u00f3n de nuestro texto constitucional completo\u201d.<\/p>\n<p>Finalmente, reconoci\u00f3 que \u201ctodav\u00eda hay algunos retos pendientes por resolver\u201d, y \u00a1qu\u00e9 pendientes!, \u201ccomo el tema de la seguridad p\u00fablica, la cual dijo es afectada por factores nacionales que superan el marco de toda previsi\u00f3n estatal\u201d.<\/p>\n<p>ESTADO SICARIO:<\/p>\n<p>Lo que est\u00e1 pendiente son todas las acciones de combate a la delincuencia organizada que \u2013a nivel nacional se ha reconocido\u2013 es uno de los factores que generan la inseguridad y la violencia que asolan el territorio de Colima, toda la regi\u00f3n occidental del pa\u00eds y buena parte de la rep\u00fablica.<\/p>\n<p>Pero es dif\u00edcil justificar que no se hayan cumplido en Colima objetivos espec\u00edficos como construir el C-5, profesionalizar a la polic\u00eda estatal y adquirir m\u00e1s patrullas, cuando ni siquiera se admite la gravedad del problema de la inseguridad.<\/p>\n<p>Hubo que esperar al cambio de gobierno federal para que de pronto los mexicanos descubri\u00e9ramos oficialmente que en Colima tambi\u00e9n hay narco-fosas. Eso les dio credibilidad a las muchas familias que reclaman desde hace a\u00f1os por la desaparici\u00f3n de alguno de sus miembros.<\/p>\n<p>Para quienes se sientan en una mesa para la paz y la seguridad cinco d\u00edas a las semana, es imposible no ver lo que est\u00e1 ocurriendo en el estado. El gobierno estatal ya no puede dejar de mirar a un lado ni las autoridades federales pueden dejar de especular sobre las causas estructurales de los hechos violentos que han sido clasificados por la procuradur\u00eda local como delincuencia com\u00fan. Ambos \u00f3rdenes tienen que poner las cartas sobre la mesa, y obligar a los ayuntamientos a que abran su juego para detectar la eventual complicidad de funcionarios p\u00fablicos con organizaciones criminales.<\/p>\n<p>Encarar el problema de los sicarios ser\u00eda un buen comienzo, pero la administraci\u00f3n Peralta opt\u00f3 por culpar a las redes sociales de difundir <em>fake news<\/em>. El caso de la joven que pudo escapar de su secuestrador y que con la detenci\u00f3n del plagiario deton\u00f3 el esc\u00e1ndalo de las narco-fosas, s\u00f3lo indica que en materia de informaci\u00f3n sensacionalista las cuentas que los colimenses tienen en Facebook y Twitter se quedan cortas.<\/p>\n<p>Por lo dem\u00e1s, el vac\u00edo de informaci\u00f3n se llena con rumores. Las redes sociales virtuales no son otra cosa que la versi\u00f3n digital de las mismas redes sociales que antes ten\u00edan como centro el molino, los lavaderos y los caf\u00e9s.<\/p>\n<p>Hizo mal el diputado Rogelio Rueda en acusar de irresponsables a quienes participan en esas redes donde evidentemente no se hace periodismo, se cuentan chismes. El exhorto para que haya un tratamiento serio y responsable de la informaci\u00f3n policial debi\u00f3 hab\u00e9rselo hecho el priista a los voceros del gobierno estatal.<\/p>\n<p>LO DIJO ASTILLERO:<\/p>\n<p>Molestia caus\u00f3 en los c\u00edrculos gubernamentales que las im\u00e1genes que muestran el aparato de seguridad que se congreg\u00f3 en el festejo por el cumplea\u00f1os de Arnoldo Ochoa Gonz\u00e1lez aparecieran en noticieros nacionales.<\/p>\n<p>Mas, por qu\u00e9 se sorprenden si el propio secretario general de Gobierno, el mandatario estatal y el ex gobernador Fernando Moreno \u2013por mencionar s\u00f3lo a tres de los personajes que suelen coincidir en las fiestas de Arnoldo\u2013 llevan siempre escoltas. Ya no se diga si al festejo, como ha ocurrido en anteriores aniversarios, asisten tambi\u00e9n mandos militares, navales y policiales. Hasta veh\u00edculos artillados se han visto en esos cumplea\u00f1os.<\/p>\n<p>Eso era normal \u2013aunque ya detestado por la gente\u2013 en el sexenio anterior. Pero en \u00e9ste, donde el presidente de la rep\u00fablica aborda aviones comerciales y se enfrenta a los manifestantes de la CNTE en Michoac\u00e1n (casi) sin guaruras, la presencia de guardaespaldas en torno a funcionarios p\u00fablicos colimenses causa curiosidad period\u00edstica, por decir lo menos.<\/p>\n<p>\u00bfC\u00f3mo es posible que \u2013en un estado donde la gente es acribillada en su casa, levantada y luego encontrada muerta por disparos en una brecha o desaparece para a la vuelta de cinco a\u00f1os ser identificada por su ADN entre los restos encontrados en una fosa clandestina\u2013 gran parte de los elementos de seguridad con los que cuenta el gobierno del estado sirvan para la protecci\u00f3n de funcionarios y empresarios, amigos o familiares de los gobernantes?<\/p>\n<p>Eso es lo que no entiende gente como Julio Hern\u00e1ndez \u201cAstillero\u201d. Los colimenses s\u00ed lo entendemos: esos personajes est\u00e1n disfrutando del poder. Pero no necesariamente lo aceptamos.<\/p>\n<p><em>Mi correo electr\u00f3nico: <a href=\"mailto:carvajalberber@gmail.com\">carvajalberber@gmail.com<\/a>. Esta columna tambi\u00e9n se puede leer en: <a href=\"http:\/\/www.carvajalberber.com\" target=\"_blank\" rel=\"noopener\">www.carvajalberber.com<\/a> y sus redes sociales.<\/em><\/p>\n","protected":false},"excerpt":{"rendered":"<p>ESTACI\u00d3N SUFRAGIO Adalberto Carvajal Mientras tendr\u00eda que estar festejando tres a\u00f1os de \u201ccompromisos cumplidos\u201d, el gobierno de Ignacio Peralta se pasa los d\u00edas intentando explicar por qu\u00e9 no se han cumplido sus dos principales promesas de campa\u00f1a, restablecer el Estado de Bienestar y recuperar el Estado de Derecho, ofertas pol\u00edticas impl\u00edcitas en el lema: \u201cVas&#8230;<\/p>\n","protected":false},"author":2,"featured_media":601,"comment_status":"open","ping_status":"open","sticky":false,"template":"","format":"standard","meta":{"footnotes":""},"categories":[11],"tags":[29,30,28],"class_list":["post-2404","post","type-post","status-publish","format-standard","has-post-thumbnail","hentry","category-opinion","tag-grid","tag-news","tag-slider"],"_links":{"self":[{"href":"http:\/\/elobservatorio.com.mx\/index.php?rest_route=\/wp\/v2\/posts\/2404"}],"collection":[{"href":"http:\/\/elobservatorio.com.mx\/index.php?rest_route=\/wp\/v2\/posts"}],"about":[{"href":"http:\/\/elobservatorio.com.mx\/index.php?rest_route=\/wp\/v2\/types\/post"}],"author":[{"embeddable":true,"href":"http:\/\/elobservatorio.com.mx\/index.php?rest_route=\/wp\/v2\/users\/2"}],"replies":[{"embeddable":true,"href":"http:\/\/elobservatorio.com.mx\/index.php?rest_route=%2Fwp%2Fv2%2Fcomments&post=2404"}],"version-history":[{"count":0,"href":"http:\/\/elobservatorio.com.mx\/index.php?rest_route=\/wp\/v2\/posts\/2404\/revisions"}],"wp:featuredmedia":[{"embeddable":true,"href":"http:\/\/elobservatorio.com.mx\/index.php?rest_route=\/wp\/v2\/media\/601"}],"wp:attachment":[{"href":"http:\/\/elobservatorio.com.mx\/index.php?rest_route=%2Fwp%2Fv2%2Fmedia&parent=2404"}],"wp:term":[{"taxonomy":"category","embeddable":true,"href":"http:\/\/elobservatorio.com.mx\/index.php?rest_route=%2Fwp%2Fv2%2Fcategories&post=2404"},{"taxonomy":"post_tag","embeddable":true,"href":"http:\/\/elobservatorio.com.mx\/index.php?rest_route=%2Fwp%2Fv2%2Ftags&post=2404"}],"curies":[{"name":"wp","href":"https:\/\/api.w.org\/{rel}","templated":true}]}}