{"id":2409,"date":"2019-02-13T21:17:41","date_gmt":"2019-02-13T21:17:41","guid":{"rendered":"http:\/\/elobservatorio.com.mx\/aprueban-modificacion-al-codigo-civil-para-permitir-cambiar-la-identidad-de-genero"},"modified":"2019-02-13T21:17:41","modified_gmt":"2019-02-13T21:17:41","slug":"aprueban-modificacion-al-codigo-civil-para-permitir-cambiar-la-identidad-de-genero","status":"publish","type":"post","link":"http:\/\/elobservatorio.com.mx\/?p=2409","title":{"rendered":"Aprueban modificaci\u00f3n al c\u00f3digo civil para permitir cambiar la identidad de g\u00e9nero"},"content":{"rendered":"<p><em>*La comunidad L\u00e9sbico-gay festej\u00f3 en el Congreso su aprobaci\u00f3n.<\/em><\/p>\n<p>Con la presencia de un contingente de la Comunidad L\u00e9sbico, Gay, Bisexual, Transexual, Transg\u00e9nero, Travesti e lntersexual, el Congreso del Estado aprob\u00f3 por unanimidad reformas a varios art\u00edculos al C\u00f3digo Civil del Estado de Colima para dar certeza legal a las personas de la Comunidad Trans a cambiar de nombre sin necesidad de un juicio.<\/p>\n<p>Los diputados de Morena, Arturo Garc\u00eda Arias y Vladimir Parra, dieron a conocer el dictamen mencionado, se\u00f1alando que la iniciativa presentada garantiza el derecho de la identidad de g\u00e9nero, mediante la creaci\u00f3n de la figura jur\u00eddica respectiva, en favor del respeto, de la igualdad, de la inclusi\u00f3n y de la no discriminaci\u00f3n de la diversidad sexual.<\/p>\n<p>En el documento se establece que con los derechos consagrados en la iniciativa que se analizada, no s\u00f3lo se garantiza el derecho de identidad de g\u00e9nero, sino que tambi\u00e9n se garantiza el derecho de igualdad y de no discriminaci\u00f3n, entre otros, convirti\u00e9ndose as\u00ed en derechos humanos base para el ejercicio de otros derechos fundamentales.<\/p>\n<p>Al art\u00edculo 35 se le agrega que los Oficiales del Registro Civil autoricen mediante su firma aut\u00f3grafa o electr\u00f3nica certificada el levantamiento de una nueva acta de nacimiento para el reconocimiento de identidad de g\u00e9nero, previa la anotaci\u00f3n correspondiente al acta de nacimiento primigenia.<\/p>\n<p>Dentro de los art\u00edculos transitorios se establece que la Direcci\u00f3n del Registro Civil deber\u00e1 coordinarse con las oficiales del registro civil de los municipios para que en un termine no mayor a 180 d\u00edas naturales elaboren el formato \u00fanico de solicitud y dem\u00e1s documentaci\u00f3n necesaria.<\/p>\n<p>Finalmente Vladimir Parra Barrag\u00e1n dijo que los integrantes de la Comunidad L\u00e9sbico, Gay, Bisexual, Transexual, Transg\u00e9nero, Travesti e lntersexual, han sido invisibilizados hist\u00f3ricamente, siendo objeto de discriminaci\u00f3n por raz\u00f3n de g\u00e9nero y orientaci\u00f3n sexual, de ah\u00ed, que con la materializaci\u00f3n del ejercicio del derecho de identidad de g\u00e9nero, se inicia la consolidaci\u00f3n de este importante sector social en el estado.<\/p>\n","protected":false},"excerpt":{"rendered":"<p>*La comunidad L\u00e9sbico-gay festej\u00f3 en el Congreso su aprobaci\u00f3n. Con la presencia de un contingente de la Comunidad L\u00e9sbico, Gay, Bisexual, Transexual, Transg\u00e9nero, Travesti e lntersexual, el Congreso del Estado aprob\u00f3 por unanimidad reformas a varios art\u00edculos al C\u00f3digo Civil del Estado de Colima para dar certeza legal a las personas de la Comunidad Trans&#8230;<\/p>\n","protected":false},"author":2,"featured_media":2410,"comment_status":"open","ping_status":"open","sticky":false,"template":"","format":"standard","meta":{"footnotes":""},"categories":[1],"tags":[29,30,28],"class_list":["post-2409","post","type-post","status-publish","format-standard","has-post-thumbnail","hentry","category-espacio-legislativo","tag-grid","tag-news","tag-slider"],"_links":{"self":[{"href":"http:\/\/elobservatorio.com.mx\/index.php?rest_route=\/wp\/v2\/posts\/2409"}],"collection":[{"href":"http:\/\/elobservatorio.com.mx\/index.php?rest_route=\/wp\/v2\/posts"}],"about":[{"href":"http:\/\/elobservatorio.com.mx\/index.php?rest_route=\/wp\/v2\/types\/post"}],"author":[{"embeddable":true,"href":"http:\/\/elobservatorio.com.mx\/index.php?rest_route=\/wp\/v2\/users\/2"}],"replies":[{"embeddable":true,"href":"http:\/\/elobservatorio.com.mx\/index.php?rest_route=%2Fwp%2Fv2%2Fcomments&post=2409"}],"version-history":[{"count":0,"href":"http:\/\/elobservatorio.com.mx\/index.php?rest_route=\/wp\/v2\/posts\/2409\/revisions"}],"wp:featuredmedia":[{"embeddable":true,"href":"http:\/\/elobservatorio.com.mx\/index.php?rest_route=\/wp\/v2\/media\/2410"}],"wp:attachment":[{"href":"http:\/\/elobservatorio.com.mx\/index.php?rest_route=%2Fwp%2Fv2%2Fmedia&parent=2409"}],"wp:term":[{"taxonomy":"category","embeddable":true,"href":"http:\/\/elobservatorio.com.mx\/index.php?rest_route=%2Fwp%2Fv2%2Fcategories&post=2409"},{"taxonomy":"post_tag","embeddable":true,"href":"http:\/\/elobservatorio.com.mx\/index.php?rest_route=%2Fwp%2Fv2%2Ftags&post=2409"}],"curies":[{"name":"wp","href":"https:\/\/api.w.org\/{rel}","templated":true}]}}