{"id":2412,"date":"2019-02-13T21:26:24","date_gmt":"2019-02-13T21:26:24","guid":{"rendered":"http:\/\/elobservatorio.com.mx\/toma-protesta-consejo-municipal-de-proteccion-civil-tecoman"},"modified":"2019-02-13T21:26:24","modified_gmt":"2019-02-13T21:26:24","slug":"toma-protesta-consejo-municipal-de-proteccion-civil-tecoman","status":"publish","type":"post","link":"http:\/\/elobservatorio.com.mx\/?p=2412","title":{"rendered":"Toma protesta Consejo Municipal de Protecci\u00f3n Civil Tecom\u00e1n"},"content":{"rendered":"<p>Este mi\u00e9rcoles el Presidente Municipal de Tecom\u00e1n El\u00edas Antonio Lozano Ochoa, acompa\u00f1ado del Director General de la Unidad Municipal de Protecci\u00f3n Civil Enrique Manuel Sep\u00falveda Rodr\u00edguez, llevaron a cabo la integraci\u00f3n y primera sesi\u00f3n del Consejo Municipal de Protecci\u00f3n Civil, en donde el alcalde le tom\u00f3 la protesta a los integrantes de dicho consejo encabezado por el propio Presidente Municipal El\u00edas Antonio Lozano Ochoa como Presidente, el Secretario del H. Ayuntamiento Humberto Uribe Godinez, el Regidor Presidente de la Comisi\u00f3n de Protecci\u00f3n Civil \u00c1ngel Antonio Venegas L\u00f3pez, el Director General de Protecci\u00f3n Civil Estatal Ricardo Urz\u00faa Moctezuma; el Director General de Seguridad P\u00fablica y Polic\u00eda Vial Leon\u00e9l Ram\u00edrez Medrano y el Director General de la Unidad Municipal de Protecci\u00f3n Civil Enrique Manuel Sep\u00falveda Rodr\u00edguez.<\/p>\n<p>Tras la firma de convenio de colaboraci\u00f3n entre el Ayuntamiento y la Unidad Estatal de PC, el alcalde agradeci\u00f3 a Ricardo Urz\u00faa Moctezuma toda la ayuda que siempre han mostrado \u201cpara la administraci\u00f3n el tema de PC es muy importante, hemos mucho \u00e9nfasis en encabezar gobiernos honestos y transparentes y que le den respuesta a la sociedad, sabemos que con la firma de este convenio le estamos dando respuesta a la gente de Tecom\u00e1n y les reiteramos nuestro agradecimiento por el apoyo incondicional que siempre nos han brindado\u201d.<\/p>\n<p>Asimismo, el Director de la Unidad Estatal de PC Ricardo Urz\u00faa dijo que \u201ccon la firma del convenio se cubre el marco legal en materia de Protecci\u00f3n Civil que es un tema prioritario que tiene que ver con salvaguardar la vida ante un agente perturbador, pero sobre todo que aboguemos por la transversalizaci\u00f3n para todos los procesos que tenga que hacer diario el Ayuntamiento\u201d.<\/p>\n","protected":false},"excerpt":{"rendered":"<p>Este mi\u00e9rcoles el Presidente Municipal de Tecom\u00e1n El\u00edas Antonio Lozano Ochoa, acompa\u00f1ado del Director General de la Unidad Municipal de Protecci\u00f3n Civil Enrique Manuel Sep\u00falveda Rodr\u00edguez, llevaron a cabo la integraci\u00f3n y primera sesi\u00f3n del Consejo Municipal de Protecci\u00f3n Civil, en donde el alcalde le tom\u00f3 la protesta a los integrantes de dicho consejo encabezado&#8230;<\/p>\n","protected":false},"author":2,"featured_media":2413,"comment_status":"open","ping_status":"open","sticky":false,"template":"","format":"standard","meta":{"footnotes":""},"categories":[8,34],"tags":[29,30,28],"class_list":["post-2412","post","type-post","status-publish","format-standard","has-post-thumbnail","hentry","category-municipios","category-tecoman","tag-grid","tag-news","tag-slider"],"_links":{"self":[{"href":"http:\/\/elobservatorio.com.mx\/index.php?rest_route=\/wp\/v2\/posts\/2412"}],"collection":[{"href":"http:\/\/elobservatorio.com.mx\/index.php?rest_route=\/wp\/v2\/posts"}],"about":[{"href":"http:\/\/elobservatorio.com.mx\/index.php?rest_route=\/wp\/v2\/types\/post"}],"author":[{"embeddable":true,"href":"http:\/\/elobservatorio.com.mx\/index.php?rest_route=\/wp\/v2\/users\/2"}],"replies":[{"embeddable":true,"href":"http:\/\/elobservatorio.com.mx\/index.php?rest_route=%2Fwp%2Fv2%2Fcomments&post=2412"}],"version-history":[{"count":0,"href":"http:\/\/elobservatorio.com.mx\/index.php?rest_route=\/wp\/v2\/posts\/2412\/revisions"}],"wp:featuredmedia":[{"embeddable":true,"href":"http:\/\/elobservatorio.com.mx\/index.php?rest_route=\/wp\/v2\/media\/2413"}],"wp:attachment":[{"href":"http:\/\/elobservatorio.com.mx\/index.php?rest_route=%2Fwp%2Fv2%2Fmedia&parent=2412"}],"wp:term":[{"taxonomy":"category","embeddable":true,"href":"http:\/\/elobservatorio.com.mx\/index.php?rest_route=%2Fwp%2Fv2%2Fcategories&post=2412"},{"taxonomy":"post_tag","embeddable":true,"href":"http:\/\/elobservatorio.com.mx\/index.php?rest_route=%2Fwp%2Fv2%2Ftags&post=2412"}],"curies":[{"name":"wp","href":"https:\/\/api.w.org\/{rel}","templated":true}]}}