{"id":24160,"date":"2022-09-13T15:27:49","date_gmt":"2022-09-13T20:27:49","guid":{"rendered":"http:\/\/elobservatorio.com.mx\/?p=24160"},"modified":"2022-09-13T15:27:49","modified_gmt":"2022-09-13T20:27:49","slug":"con-el-ejemplo-y-valores-de-los-ninos-heroes-en-el-servicio-publico-debe-trabajarse-con-entrega-empatia-y-compromiso","status":"publish","type":"post","link":"http:\/\/elobservatorio.com.mx\/?p=24160","title":{"rendered":"Con el ejemplo y valores de los Ni\u00f1os H\u00e9roes, en el servicio p\u00fablico debe trabajarse con entrega, empat\u00eda y compromiso"},"content":{"rendered":"<p class=\"x_gmail-MsoNoSpacing\"><em>*Conmemoran el 175 Aniversario de la Batalla de Chapultepec<\/em><\/p>\n<p class=\"x_gmail-MsoNoSpacing\"><b>\u00a0<\/b><b>Villa de \u00c1lvarez, Col.-<\/b>\u00a0 En la ceremonia conmemorativa por el 175 Aniversario de la Batalla de Chapultepec, la Presidenta Municipal de Villa de \u00c1lvarez, Tey Guti\u00e9rrez Andrade, expres\u00f3 a los funcionarios y funcionarias municipales su confianza para lograr un Villa de \u00c1lvarez ordenado, limpio y en paz.<\/p>\n<p class=\"x_gmail-MsoNoSpacing\">\u201cConf\u00edo plenamente en ustedes, para lograr lo que siempre he querido: ver un Villa de \u00c1lvarez ordenado, limpio y en paz\u201d, dijo la Alcaldesa en la Escuela Primaria Ni\u00f1os H\u00e9roes, donde se record\u00f3\u00a0 la Defensa Heroica del Castillo de Chapultepec.<\/p>\n<p class=\"x_gmail-MsoNoSpacing\">Ante el representante del General Hern\u00e1n Cort\u00e9s, Comandante de la 20\u00ba Zona Militar, el Coronel Agust\u00edn Vel\u00e1zquez; la representante de Adolfo N\u00fa\u00f1ez Adolfo N\u00fa\u00f1ez, Secretario de Educaci\u00f3n y Cultura, Norma Ver\u00f3nica P\u00e9rez, directora del USAE Villa de \u00c1lvarez;\u00a0 maestras y maestros; estudiantes y sus mam\u00e1s y pap\u00e1s, la Alcaldesa indic\u00f3 que con el ejemplo y valores de los Ni\u00f1os H\u00e9roes, en el servicio p\u00fablico debe trabajarse con entrega, empat\u00eda y compromiso.<\/p>\n<p>Durante la ceremonia, a la que asistieron los Diputados Miriam Gudi\u00f1o, H\u00e9ctor Maga\u00f1a y Jes\u00fas Due\u00f1as, S\u00edndico y Regidoras y Regidores, y en la que participaron elementos de la Secretar\u00eda de Marina y de la Banda de Guerra de la Direcci\u00f3n de Seguridad P\u00fablica, la alumna Nairobi P\u00e9rez ley\u00f3 una rese\u00f1a hist\u00f3rica de la Batalla del 13 de septiembre de 1847, se declam\u00f3 un poema a los Ni\u00f1os H\u00e9roes, se escenific\u00f3 la gesta heroica del Castillo de Chapultepec, adem\u00e1s de colocarse una ofrenda floral y montarse guardias de honor en la escultura erigida en honor a los Cadetes del Heroico Colegio Militar.<\/p>\n","protected":false},"excerpt":{"rendered":"<p>*Conmemoran el 175 Aniversario de la Batalla de Chapultepec \u00a0Villa de \u00c1lvarez, Col.-\u00a0 En la ceremonia conmemorativa por el 175 Aniversario de la Batalla de Chapultepec, la Presidenta Municipal de Villa de \u00c1lvarez, Tey Guti\u00e9rrez Andrade, expres\u00f3 a los funcionarios y funcionarias municipales su confianza para lograr un Villa de \u00c1lvarez ordenado, limpio y en&#8230;<\/p>\n","protected":false},"author":2,"featured_media":24161,"comment_status":"open","ping_status":"open","sticky":false,"template":"","format":"standard","meta":{"footnotes":""},"categories":[8,42],"tags":[29,30,28],"class_list":["post-24160","post","type-post","status-publish","format-standard","has-post-thumbnail","hentry","category-municipios","category-villa-de-alvarez","tag-grid","tag-news","tag-slider"],"_links":{"self":[{"href":"http:\/\/elobservatorio.com.mx\/index.php?rest_route=\/wp\/v2\/posts\/24160"}],"collection":[{"href":"http:\/\/elobservatorio.com.mx\/index.php?rest_route=\/wp\/v2\/posts"}],"about":[{"href":"http:\/\/elobservatorio.com.mx\/index.php?rest_route=\/wp\/v2\/types\/post"}],"author":[{"embeddable":true,"href":"http:\/\/elobservatorio.com.mx\/index.php?rest_route=\/wp\/v2\/users\/2"}],"replies":[{"embeddable":true,"href":"http:\/\/elobservatorio.com.mx\/index.php?rest_route=%2Fwp%2Fv2%2Fcomments&post=24160"}],"version-history":[{"count":0,"href":"http:\/\/elobservatorio.com.mx\/index.php?rest_route=\/wp\/v2\/posts\/24160\/revisions"}],"wp:featuredmedia":[{"embeddable":true,"href":"http:\/\/elobservatorio.com.mx\/index.php?rest_route=\/wp\/v2\/media\/24161"}],"wp:attachment":[{"href":"http:\/\/elobservatorio.com.mx\/index.php?rest_route=%2Fwp%2Fv2%2Fmedia&parent=24160"}],"wp:term":[{"taxonomy":"category","embeddable":true,"href":"http:\/\/elobservatorio.com.mx\/index.php?rest_route=%2Fwp%2Fv2%2Fcategories&post=24160"},{"taxonomy":"post_tag","embeddable":true,"href":"http:\/\/elobservatorio.com.mx\/index.php?rest_route=%2Fwp%2Fv2%2Ftags&post=24160"}],"curies":[{"name":"wp","href":"https:\/\/api.w.org\/{rel}","templated":true}]}}