{"id":24339,"date":"2022-09-29T16:34:12","date_gmt":"2022-09-29T21:34:12","guid":{"rendered":"http:\/\/elobservatorio.com.mx\/?p=24339"},"modified":"2022-09-29T16:34:12","modified_gmt":"2022-09-29T21:34:12","slug":"inician-actividades-para-la-eleccion-de-la-embajadora-de-la-feria-de-colima-2022","status":"publish","type":"post","link":"http:\/\/elobservatorio.com.mx\/?p=24339","title":{"rendered":"Inician actividades para la elecci\u00f3n de la Embajadora de la Feria de Colima 2022"},"content":{"rendered":"<p class=\"x_MsoNormal\"><i><span lang=\"ES\">*Son nueve participantes que buscar\u00e1n obtener el t\u00edtulo.<\/span><\/i><\/p>\n<p class=\"x_MsoNormal\"><i><span lang=\"ES\">*Se reunieron con el director general para el arranque oficial.<\/span><\/i><\/p>\n<p class=\"x_MsoNormal\"><span lang=\"ES\">\u00a0<\/span><span lang=\"ES\">El director general del Instituto de Fomento de Ferias y Exposiciones de Colima (IFFECOL), Rodolfo Aguilar D\u00e1valos, recibi\u00f3 a las aspirantes al t\u00edtulo de Embajadora de la Feria de Todos Los Santos Colima 2022, con quienes inici\u00f3 al arranque oficial de diversas actividades que se desarrollar\u00e1n previo al certamen.<\/span><\/p>\n<p class=\"x_MsoNormal\"><span lang=\"ES\">\u00a0<\/span><span lang=\"ES\">Aguilar D\u00e1valos agradeci\u00f3 la participaci\u00f3n de las concursantes y el apoyo de sus familias, adem\u00e1s de la colaboraci\u00f3n de las y los alcaldes municipales, quienes se suman a este nuevo proyecto que renovar\u00e1 la m\u00e1xima festividad en el Estado.<\/span><\/p>\n<p class=\"x_MsoNormal\"><span lang=\"ES\">\u00a0<\/span><span lang=\"ES\">\u201cEstoy muy contento de ver su entusiasmo y el compromiso que tienen, porque su participaci\u00f3n no solamente aportar\u00e1 para un cambio a nuestra Feria, sino tambi\u00e9n para la Sociedad colimense\u201d, dijo el titular del IFFECOL.<\/span><\/p>\n<p class=\"x_MsoNormal\"><span lang=\"ES\">\u00a0<\/span><span lang=\"ES\">Las nueve aspirantes al t\u00edtulo de Embajadora son representantes de los municipios de Colima, Comala, Cuauht\u00e9moc, Coquimatl\u00e1n, Ixtlahuac\u00e1n, Manzanillo, Minatitl\u00e1n, Tecom\u00e1n y Villa de \u00c1lvarez.<\/span><\/p>\n<p class=\"x_MsoNormal\"><span lang=\"ES\">\u00a0<\/span><span lang=\"ES\">Cabe se\u00f1alar que durante varios d\u00edas las concursantes llevar\u00e1n a cabo algunas actividades de preparaci\u00f3n para la elecci\u00f3n que se realizar\u00e1 el d\u00eda viernes 21 de octubre.<\/span><\/p>\n","protected":false},"excerpt":{"rendered":"<p>*Son nueve participantes que buscar\u00e1n obtener el t\u00edtulo. *Se reunieron con el director general para el arranque oficial. \u00a0El director general del Instituto de Fomento de Ferias y Exposiciones de Colima (IFFECOL), Rodolfo Aguilar D\u00e1valos, recibi\u00f3 a las aspirantes al t\u00edtulo de Embajadora de la Feria de Todos Los Santos Colima 2022, con quienes inici\u00f3&#8230;<\/p>\n","protected":false},"author":2,"featured_media":24340,"comment_status":"open","ping_status":"open","sticky":false,"template":"","format":"standard","meta":{"footnotes":""},"categories":[16],"tags":[29,30,28],"class_list":["post-24339","post","type-post","status-publish","format-standard","has-post-thumbnail","hentry","category-gobierno","tag-grid","tag-news","tag-slider"],"_links":{"self":[{"href":"http:\/\/elobservatorio.com.mx\/index.php?rest_route=\/wp\/v2\/posts\/24339"}],"collection":[{"href":"http:\/\/elobservatorio.com.mx\/index.php?rest_route=\/wp\/v2\/posts"}],"about":[{"href":"http:\/\/elobservatorio.com.mx\/index.php?rest_route=\/wp\/v2\/types\/post"}],"author":[{"embeddable":true,"href":"http:\/\/elobservatorio.com.mx\/index.php?rest_route=\/wp\/v2\/users\/2"}],"replies":[{"embeddable":true,"href":"http:\/\/elobservatorio.com.mx\/index.php?rest_route=%2Fwp%2Fv2%2Fcomments&post=24339"}],"version-history":[{"count":0,"href":"http:\/\/elobservatorio.com.mx\/index.php?rest_route=\/wp\/v2\/posts\/24339\/revisions"}],"wp:featuredmedia":[{"embeddable":true,"href":"http:\/\/elobservatorio.com.mx\/index.php?rest_route=\/wp\/v2\/media\/24340"}],"wp:attachment":[{"href":"http:\/\/elobservatorio.com.mx\/index.php?rest_route=%2Fwp%2Fv2%2Fmedia&parent=24339"}],"wp:term":[{"taxonomy":"category","embeddable":true,"href":"http:\/\/elobservatorio.com.mx\/index.php?rest_route=%2Fwp%2Fv2%2Fcategories&post=24339"},{"taxonomy":"post_tag","embeddable":true,"href":"http:\/\/elobservatorio.com.mx\/index.php?rest_route=%2Fwp%2Fv2%2Ftags&post=24339"}],"curies":[{"name":"wp","href":"https:\/\/api.w.org\/{rel}","templated":true}]}}