{"id":24439,"date":"2022-10-05T19:46:48","date_gmt":"2022-10-06T00:46:48","guid":{"rendered":"http:\/\/elobservatorio.com.mx\/?p=24439"},"modified":"2022-10-05T19:46:48","modified_gmt":"2022-10-06T00:46:48","slug":"se-titula-generacion-de-abogados-que-destaco-por-su-excelencia","status":"publish","type":"post","link":"http:\/\/elobservatorio.com.mx\/?p=24439","title":{"rendered":"Se titula generaci\u00f3n de abogados que destac\u00f3 por su excelencia"},"content":{"rendered":"<p><em>*\u201cDeben ser conscientes del papel que adquieren como impulsores de la transformaci\u00f3n social, para garantizar una convivencia conforme a los derechos humanos, los postulados jur\u00eddicos y la cultura de paz\u201d: Christian Torres-Ortiz, rector.<\/em><\/p>\n<p>El rector Christian Jorge Torres Ortiz Zerme\u00f1o presidi\u00f3, este mi\u00e9rcoles, el acto de titulaci\u00f3n de 48 nuevos licenciados en Derecho bajo las modalidades de Examen General de Egreso y de actualizaci\u00f3n de conocimientos del campo profesional por diplomado.<\/p>\n<p>Durante el acto, en el que fungi\u00f3 como presidente del jurado, el rector dijo que esta ceremonia tiene especial significado para la vida acad\u00e9mica de la Universidad de Colima, \u201cpues se cumple con la misi\u00f3n encomendada por la sociedad de formar a una generaci\u00f3n m\u00e1s de profesionales\u201d. Adem\u00e1s, continu\u00f3, \u201ces un acto significativo para su desarrollo profesional, ya que les otorga la facultad de iniciar su trayectoria laboral y planear nuevas etapas en su proyecto de vida\u201d.<\/p>\n<p>Christian Torres Ortiz coment\u00f3 que el hecho de que esta generaci\u00f3n hubiera pasado buena parte de su formaci\u00f3n con mediaci\u00f3n tecnol\u00f3gica, debido a la pandemia, \u201cvolvi\u00f3 a\u00fan m\u00e1s desafiante y complejo su proceso educativo, pero al paso de los a\u00f1os esto les dar\u00e1 mayor fortaleza\u201d.<\/p>\n<p>Expres\u00f3 que esta ceremonia constituye el \u00faltimo requisito acad\u00e9mico para que reciban el t\u00edtulo y que, a partir de este momento, \u201cla Universidad valida su formaci\u00f3n como profesionales comprometidos con la transformaci\u00f3n de su entorno; con su protesta ante el jurado, aceptan la responsabilidad de actuar conforme a los principios \u00e9ticos que exige su profesi\u00f3n\u201d.<\/p>\n<p>Deben tener presente, agreg\u00f3, que se titulan de un programa reconocido por su calidad y que, por s\u00e9ptima ocasi\u00f3n, ha ratificado su pertenencia al nivel uno del Padr\u00f3n de Alto Rendimiento Acad\u00e9mico del EGEL-CENEVAL.<\/p>\n<p>Por \u00faltimo, luego de felicitarlos e invitarlos a seguir en contacto con la UdeC, les dijo que \u201cdeben ser conscientes del papel que adquieren como impulsores de la transformaci\u00f3n social para garantizar una convivencia conforme a los derechos humanos, los postulados jur\u00eddicos y la cultura de paz. Con su actuar determinar\u00e1n los cambios sociales y, si mantienen valores, avanzaremos hacia realidades m\u00e1s justas, pac\u00edficas y sostenibles\u201d.<\/p>\n<p>En su mensaje, Cristina Romero Michel, directora de la Facultad de Derecho y secretaria del jurado, destac\u00f3 que 43 egresados fueron reconocidos por sus resultados en el examen de egreso EGEL-Ceneval, y que 19 lograron la excelencia, \u201cdemostrando que durante su formaci\u00f3n adquirieron las competencias y conocimientos necesarios para enfrentar los retos presentes y futuros que el ejercicio de la carrera les impondr\u00e1\u201d.<\/p>\n<p>Los invit\u00f3 a que en cada momento sus acciones sean realizadas con un alto sentido de la responsabilidad y conciencia \u00e9tica, y los inst\u00f3 a recordar que \u201cel ejercicio de la abogac\u00eda impone dedicaci\u00f3n en la defensa del derecho, la libertad y la justicia al servicio de las personas\u201d.<\/p>\n<p>En su intervenci\u00f3n, Martha Maga\u00f1a Echeverr\u00eda, coordinadora general de Docencia, en su calidad de vocal del jurado, coment\u00f3 que un t\u00edtulo \u201ces un documento que avala las competencias desarrolladas durante su proceso formativo y les permitir\u00e1 ejercer legalmente su profesi\u00f3n en la procuraci\u00f3n de la justicia\u201d.<\/p>\n<p>Adem\u00e1s, les pidi\u00f3 que, por medio de sus experiencias laborales, contribuyan a mantener la pertinencia de los programas. Tambi\u00e9n felicit\u00f3 a las familias de los j\u00f3venes y a las y los profesores, \u201cpor hacer posible este momento y por formar ciudadanos responsables\u201d.<\/p>\n<p>Por \u00faltimo, y en representaci\u00f3n de los nuevos licenciados, Ana Paula Y\u00e1\u00f1ez Jasso reconoci\u00f3 el gran esfuerzo de la generaci\u00f3n, de sus seres queridos y la comunidad acad\u00e9mica, y enunci\u00f3 que \u201cesta ceremonia representa un espacio para recordar todos los grandes momentos que nuestra Alma Mater nos ha brindado\u201d.<\/p>\n<p>&nbsp;<\/p>\n<p>&nbsp;<\/p>\n","protected":false},"excerpt":{"rendered":"<p>*\u201cDeben ser conscientes del papel que adquieren como impulsores de la transformaci\u00f3n social, para garantizar una convivencia conforme a los derechos humanos, los postulados jur\u00eddicos y la cultura de paz\u201d: Christian Torres-Ortiz, rector. El rector Christian Jorge Torres Ortiz Zerme\u00f1o presidi\u00f3, este mi\u00e9rcoles, el acto de titulaci\u00f3n de 48 nuevos licenciados en Derecho bajo las&#8230;<\/p>\n","protected":false},"author":2,"featured_media":24440,"comment_status":"open","ping_status":"open","sticky":false,"template":"","format":"standard","meta":{"footnotes":""},"categories":[14],"tags":[29,30,28],"class_list":["post-24439","post","type-post","status-publish","format-standard","has-post-thumbnail","hentry","category-educacion-y-cultura","tag-grid","tag-news","tag-slider"],"_links":{"self":[{"href":"http:\/\/elobservatorio.com.mx\/index.php?rest_route=\/wp\/v2\/posts\/24439"}],"collection":[{"href":"http:\/\/elobservatorio.com.mx\/index.php?rest_route=\/wp\/v2\/posts"}],"about":[{"href":"http:\/\/elobservatorio.com.mx\/index.php?rest_route=\/wp\/v2\/types\/post"}],"author":[{"embeddable":true,"href":"http:\/\/elobservatorio.com.mx\/index.php?rest_route=\/wp\/v2\/users\/2"}],"replies":[{"embeddable":true,"href":"http:\/\/elobservatorio.com.mx\/index.php?rest_route=%2Fwp%2Fv2%2Fcomments&post=24439"}],"version-history":[{"count":0,"href":"http:\/\/elobservatorio.com.mx\/index.php?rest_route=\/wp\/v2\/posts\/24439\/revisions"}],"wp:featuredmedia":[{"embeddable":true,"href":"http:\/\/elobservatorio.com.mx\/index.php?rest_route=\/wp\/v2\/media\/24440"}],"wp:attachment":[{"href":"http:\/\/elobservatorio.com.mx\/index.php?rest_route=%2Fwp%2Fv2%2Fmedia&parent=24439"}],"wp:term":[{"taxonomy":"category","embeddable":true,"href":"http:\/\/elobservatorio.com.mx\/index.php?rest_route=%2Fwp%2Fv2%2Fcategories&post=24439"},{"taxonomy":"post_tag","embeddable":true,"href":"http:\/\/elobservatorio.com.mx\/index.php?rest_route=%2Fwp%2Fv2%2Ftags&post=24439"}],"curies":[{"name":"wp","href":"https:\/\/api.w.org\/{rel}","templated":true}]}}