{"id":24442,"date":"2022-10-05T20:35:32","date_gmt":"2022-10-06T01:35:32","guid":{"rendered":"http:\/\/elobservatorio.com.mx\/?p=24442"},"modified":"2022-10-05T20:35:32","modified_gmt":"2022-10-06T01:35:32","slug":"diputada-local-victima-de-la-violencia-asesinan-a-balazos-a-gabriela-marin-en-cuernavaca","status":"publish","type":"post","link":"http:\/\/elobservatorio.com.mx\/?p=24442","title":{"rendered":"Diputada local v\u00edctima de la violencia: asesinan a balazos a Gabriela Mar\u00edn en Cuernavaca"},"content":{"rendered":"<p><em>El ataque armado contra la legisladora del partido Morelos Progresa ocurri\u00f3 sobre la avenida Poder Legislativo<\/em><\/p>\n<p>La diputada local de\u00a0<strong>Morelos<\/strong>,\u00a0<strong>Gabriela Mar\u00edn S\u00e1nchez<\/strong>, fue asesinada a balazos este mi\u00e9rcoles en el municipio de Cuernavaca, otro hecho que refleja c\u00f3mo la violencia en el estado ha alcanzado niveles preocupantes ante la ineptitud del gobierno de\u00a0<strong>Cuauht\u00e9moc Blanco<\/strong>.<\/p>\n<p>El ataque armado contra la legisladora del partido Morelos Progresa ocurri\u00f3 la tarde de este 5 de octubre sobre la avenida Poder Legislativo, en la colonia Domingo Diez de Cuernavaca.<\/p>\n<p>De acuerdo con reportes preliminares, la diputada se encontraba afuera de una farmacia Guadalajara cuando fue interceptada por dos sujetos armados a bordo de una motocicleta, quienes le dispararon en diversas ocasiones y luego huyeron.<\/p>\n<p>Cabe se\u00f1alar que durante el ataque, un hombre que acompa\u00f1aba a la diputada result\u00f3 lesionado por un impacto de bala, por lo que fue trasladado de emergencia a un hospital.<\/p>\n<p>Gabriela Mar\u00edn rindi\u00f3 protesta en junio pasado tras ganar un proceso ante el Tribunal Estatal Electoral, relativo a un juicio para la protecci\u00f3n de los derechos electorales del ciudadano.<\/p>\n<p>El gobernador de Morelos,\u00a0<strong>Cuauht\u00e9moc Blanco<\/strong>, conden\u00f3 el asesinato de la diputada e indic\u00f3 que se inici\u00f3 un operativo de b\u00fasqueda de los agresores.<\/p>\n<p>\u201cEn Morelos no vamos a permitir ataques que vulneren a nuestra sociedad\u201d, precis\u00f3 el mandatario del estado en el que se han registrado\u00a0<strong>22 mil 181 delitos<\/strong>, tan solo de enero a junio de este a\u00f1o.<\/p>\n<p>Y es que, el clima de inseguridad y violencia en Morelos se ha desbordado en las \u00faltimas semanas, principalmente en los municipios de Cuautla, Temixco, Jiutepec, Emiliano Zapata, Cuernavaca y Puente de Ixtla.<\/p>\n<p><em>Con informaci\u00f3n de noticiasenlamira.com<\/em><\/p>\n","protected":false},"excerpt":{"rendered":"<p>El ataque armado contra la legisladora del partido Morelos Progresa ocurri\u00f3 sobre la avenida Poder Legislativo La diputada local de\u00a0Morelos,\u00a0Gabriela Mar\u00edn S\u00e1nchez, fue asesinada a balazos este mi\u00e9rcoles en el municipio de Cuernavaca, otro hecho que refleja c\u00f3mo la violencia en el estado ha alcanzado niveles preocupantes ante la ineptitud del gobierno de\u00a0Cuauht\u00e9moc Blanco. El&#8230;<\/p>\n","protected":false},"author":2,"featured_media":24443,"comment_status":"open","ping_status":"open","sticky":false,"template":"","format":"standard","meta":{"footnotes":""},"categories":[16],"tags":[],"class_list":["post-24442","post","type-post","status-publish","format-standard","has-post-thumbnail","hentry","category-gobierno"],"_links":{"self":[{"href":"http:\/\/elobservatorio.com.mx\/index.php?rest_route=\/wp\/v2\/posts\/24442"}],"collection":[{"href":"http:\/\/elobservatorio.com.mx\/index.php?rest_route=\/wp\/v2\/posts"}],"about":[{"href":"http:\/\/elobservatorio.com.mx\/index.php?rest_route=\/wp\/v2\/types\/post"}],"author":[{"embeddable":true,"href":"http:\/\/elobservatorio.com.mx\/index.php?rest_route=\/wp\/v2\/users\/2"}],"replies":[{"embeddable":true,"href":"http:\/\/elobservatorio.com.mx\/index.php?rest_route=%2Fwp%2Fv2%2Fcomments&post=24442"}],"version-history":[{"count":0,"href":"http:\/\/elobservatorio.com.mx\/index.php?rest_route=\/wp\/v2\/posts\/24442\/revisions"}],"wp:featuredmedia":[{"embeddable":true,"href":"http:\/\/elobservatorio.com.mx\/index.php?rest_route=\/wp\/v2\/media\/24443"}],"wp:attachment":[{"href":"http:\/\/elobservatorio.com.mx\/index.php?rest_route=%2Fwp%2Fv2%2Fmedia&parent=24442"}],"wp:term":[{"taxonomy":"category","embeddable":true,"href":"http:\/\/elobservatorio.com.mx\/index.php?rest_route=%2Fwp%2Fv2%2Fcategories&post=24442"},{"taxonomy":"post_tag","embeddable":true,"href":"http:\/\/elobservatorio.com.mx\/index.php?rest_route=%2Fwp%2Fv2%2Ftags&post=24442"}],"curies":[{"name":"wp","href":"https:\/\/api.w.org\/{rel}","templated":true}]}}