{"id":24452,"date":"2022-10-05T22:20:20","date_gmt":"2022-10-06T03:20:20","guid":{"rendered":"http:\/\/elobservatorio.com.mx\/?p=24452"},"modified":"2022-10-05T22:20:20","modified_gmt":"2022-10-06T03:20:20","slug":"margarita-moreno-renueva-luminarias-en-la-colonia-las-fuentes","status":"publish","type":"post","link":"http:\/\/elobservatorio.com.mx\/?p=24452","title":{"rendered":"Margarita Moreno renueva luminarias en la colonia Las Fuentes"},"content":{"rendered":"<p><em>*Se instalaron 28 nuevas luminarias LED, cuya tecnolog\u00eda mejora las condiciones de iluminaci\u00f3n.<\/em><br aria-hidden=\"true\" \/><br aria-hidden=\"true\" \/>La presidenta municipal de Colima, Margarita Moreno, llev\u00f3 el programa Colima Brilla a la colonia Las Fuentes, donde se instalaron 28 luminarias, cuya tecnolog\u00eda permite generar ahorros, as\u00ed como mejoras las condiciones de luminosidad para disuadir hechos delictivos.<\/p>\n<p>La presidenta realiz\u00f3 el encendido de las nuevas luminarias Led en esta colonia, como parte del programa estrat\u00e9gico del Plan Municipal de Desarrollo, que tiene el objetivo de instalar aproximadamente 1200 luminarias en un total de 50 colonias en el municipio.<br aria-hidden=\"true\" \/><br aria-hidden=\"true\" \/>Margarita Moreno manifest\u00f3 que as\u00ed m\u00e1s calles, avenidas y espacios p\u00fablicos cuentan con un buen sistema de alumbrado p\u00fablico, aplicando tecnolog\u00eda de punta, eficiente, sustentable y que genere un menor consumo de energ\u00eda y permite mejorar las condiciones de seguridad.<\/p>\n<p>La presidenta aprovech\u00f3 su mensaje para concientizar sobre la importancia de prevenir el c\u00e1ncer de mama, por lo que invit\u00f3 a las vecinas acercarse al ayuntamiento para acceder a los apoyos, en caso de necesitar el respaldo para una mastograf\u00eda.<br aria-hidden=\"true\" \/><br aria-hidden=\"true\" \/>Por su parte, la directora general de Servicios P\u00fablicos, Itzel Luna Corral asegur\u00f3 que se lleva un buen ritmo de instalaci\u00f3n de estas luminarias, por lo que al t\u00e9rmino de la administraci\u00f3n de Margarita Moreno se habr\u00e1 logrado el 100% de luminarias LED en la capital.<br aria-hidden=\"true\" \/><br aria-hidden=\"true\" \/>A su vez, la Presidenta del Comit\u00e9 de Participaci\u00f3n Ciudadana de la Colonia las Fuentes, Hilda Larios Said, reconoci\u00f3 a la presidenta el cumplimiento de este compromiso que beneficia a las familias de esta colonia.<br aria-hidden=\"true\" \/><br aria-hidden=\"true\" \/>En este evento estuvieron presentes el secretario del Ayuntamiento, Francisco Rodr\u00edguez; las regidoras Gina Preciado, Miryan Rosendo Le\u00f3n, as\u00ed como los regidores Jonatan S\u00e1nchez Peregrina, Osiris Alcaraz Saucedo, adem\u00e1s del director general de la Oficina de Proyectos Estrat\u00e9gicos del Ayuntamiento de Colima, \u00a0Fernando Cruz Garc\u00eda y el director de Alumbrado P\u00fablico Rafael Santana Garc\u00eda, acompa\u00f1ados de vecinas y vecinos.<\/p>\n","protected":false},"excerpt":{"rendered":"<p>*Se instalaron 28 nuevas luminarias LED, cuya tecnolog\u00eda mejora las condiciones de iluminaci\u00f3n.La presidenta municipal de Colima, Margarita Moreno, llev\u00f3 el programa Colima Brilla a la colonia Las Fuentes, donde se instalaron 28 luminarias, cuya tecnolog\u00eda permite generar ahorros, as\u00ed como mejoras las condiciones de luminosidad para disuadir hechos delictivos. La presidenta realiz\u00f3 el encendido&#8230;<\/p>\n","protected":false},"author":2,"featured_media":24453,"comment_status":"open","ping_status":"open","sticky":false,"template":"","format":"standard","meta":{"footnotes":""},"categories":[36,8],"tags":[29,30,28],"class_list":["post-24452","post","type-post","status-publish","format-standard","has-post-thumbnail","hentry","category-colima","category-municipios","tag-grid","tag-news","tag-slider"],"_links":{"self":[{"href":"http:\/\/elobservatorio.com.mx\/index.php?rest_route=\/wp\/v2\/posts\/24452"}],"collection":[{"href":"http:\/\/elobservatorio.com.mx\/index.php?rest_route=\/wp\/v2\/posts"}],"about":[{"href":"http:\/\/elobservatorio.com.mx\/index.php?rest_route=\/wp\/v2\/types\/post"}],"author":[{"embeddable":true,"href":"http:\/\/elobservatorio.com.mx\/index.php?rest_route=\/wp\/v2\/users\/2"}],"replies":[{"embeddable":true,"href":"http:\/\/elobservatorio.com.mx\/index.php?rest_route=%2Fwp%2Fv2%2Fcomments&post=24452"}],"version-history":[{"count":0,"href":"http:\/\/elobservatorio.com.mx\/index.php?rest_route=\/wp\/v2\/posts\/24452\/revisions"}],"wp:featuredmedia":[{"embeddable":true,"href":"http:\/\/elobservatorio.com.mx\/index.php?rest_route=\/wp\/v2\/media\/24453"}],"wp:attachment":[{"href":"http:\/\/elobservatorio.com.mx\/index.php?rest_route=%2Fwp%2Fv2%2Fmedia&parent=24452"}],"wp:term":[{"taxonomy":"category","embeddable":true,"href":"http:\/\/elobservatorio.com.mx\/index.php?rest_route=%2Fwp%2Fv2%2Fcategories&post=24452"},{"taxonomy":"post_tag","embeddable":true,"href":"http:\/\/elobservatorio.com.mx\/index.php?rest_route=%2Fwp%2Fv2%2Ftags&post=24452"}],"curies":[{"name":"wp","href":"https:\/\/api.w.org\/{rel}","templated":true}]}}