{"id":24455,"date":"2022-10-05T22:52:44","date_gmt":"2022-10-06T03:52:44","guid":{"rendered":"http:\/\/elobservatorio.com.mx\/?p=24455"},"modified":"2022-10-05T22:52:44","modified_gmt":"2022-10-06T03:52:44","slug":"en-colima-diputados-aprueban-cada-11-de-octubre-se-conmemore-el-dia-internacional-de-la-nina","status":"publish","type":"post","link":"http:\/\/elobservatorio.com.mx\/?p=24455","title":{"rendered":"En Colima, diputados aprueban cada 11 de octubre se conmemore el D\u00eda Internacional de la Ni\u00f1a"},"content":{"rendered":"<p>Este mi\u00e9rcoles, en la primera Sesi\u00f3n Ordinaria del Segundo A\u00f1o de Ejercicio Constitucional de la LX Legislatura, las y los diputados aprobaron el Punto De Acuerdo para que el d\u00eda 11 (once) de octubre de cada a\u00f1o, se lleve a cabo un evento con la participaci\u00f3n de la Sociedad Organizada, para conmemorar el D\u00eda Internacional de la Ni\u00f1a.<\/p>\n<p>De acuerdo con el documento aprobado, el cual fue presentado en tribuna por la diputada Fernanda Salazar Mart\u00ednez, se\u00f1ala las 17:00 (diecisiete) horas del 11 de octubre de 2022, como hora y fecha para realizar el evento para conmemorar el D\u00eda Internacional de la Ni\u00f1a en el presente a\u00f1o, por lo que se autoriza la invitaci\u00f3n de una ni\u00f1a originaria o vecina del estado de Colima por parte de cada diputada y diputado integrante de esta Sexag\u00e9sima Legislatura, para que puedan ocupar la curul correspondiente a la diputada o diputado por quien hayan sido invitadas al evento.<\/p>\n<p>Tambi\u00e9n se destaca la experiencia que trajo la realizaci\u00f3n del evento realizado en este Recinto Legislativo, el D\u00eda Internacional de la Ni\u00f1a del a\u00f1o 2021, en la cual distintas ni\u00f1as del estado pudieron conocer, mediante organizaciones representadas por mujeres y directamente por diputadas de esta Legislatura, la manera en que se pueden involucrar en la sociedad, as\u00ed como los derechos humanos con que cuenta, expuestos directamente por el Presidente de la Comisi\u00f3n de Derechos Humanos del Estado de Colima, se explica en el Punto de Acuerdo.<\/p>\n<p>Con base en lo anterior, \u201ces evidente la importancia y contribuci\u00f3n que el evento que se plantea en esta propuesta puede aportar para la promoci\u00f3n de los derechos de las ni\u00f1as y su empoderamiento, por lo que resulta pertinente formular el punto de acuerdo que se alude, en los t\u00e9rminos planteados en este documento\u201d, finaliza.<\/p>\n","protected":false},"excerpt":{"rendered":"<p>Este mi\u00e9rcoles, en la primera Sesi\u00f3n Ordinaria del Segundo A\u00f1o de Ejercicio Constitucional de la LX Legislatura, las y los diputados aprobaron el Punto De Acuerdo para que el d\u00eda 11 (once) de octubre de cada a\u00f1o, se lleve a cabo un evento con la participaci\u00f3n de la Sociedad Organizada, para conmemorar el D\u00eda Internacional&#8230;<\/p>\n","protected":false},"author":2,"featured_media":24456,"comment_status":"open","ping_status":"open","sticky":false,"template":"","format":"standard","meta":{"footnotes":""},"categories":[1],"tags":[29,30,28],"class_list":["post-24455","post","type-post","status-publish","format-standard","has-post-thumbnail","hentry","category-espacio-legislativo","tag-grid","tag-news","tag-slider"],"_links":{"self":[{"href":"http:\/\/elobservatorio.com.mx\/index.php?rest_route=\/wp\/v2\/posts\/24455"}],"collection":[{"href":"http:\/\/elobservatorio.com.mx\/index.php?rest_route=\/wp\/v2\/posts"}],"about":[{"href":"http:\/\/elobservatorio.com.mx\/index.php?rest_route=\/wp\/v2\/types\/post"}],"author":[{"embeddable":true,"href":"http:\/\/elobservatorio.com.mx\/index.php?rest_route=\/wp\/v2\/users\/2"}],"replies":[{"embeddable":true,"href":"http:\/\/elobservatorio.com.mx\/index.php?rest_route=%2Fwp%2Fv2%2Fcomments&post=24455"}],"version-history":[{"count":0,"href":"http:\/\/elobservatorio.com.mx\/index.php?rest_route=\/wp\/v2\/posts\/24455\/revisions"}],"wp:featuredmedia":[{"embeddable":true,"href":"http:\/\/elobservatorio.com.mx\/index.php?rest_route=\/wp\/v2\/media\/24456"}],"wp:attachment":[{"href":"http:\/\/elobservatorio.com.mx\/index.php?rest_route=%2Fwp%2Fv2%2Fmedia&parent=24455"}],"wp:term":[{"taxonomy":"category","embeddable":true,"href":"http:\/\/elobservatorio.com.mx\/index.php?rest_route=%2Fwp%2Fv2%2Fcategories&post=24455"},{"taxonomy":"post_tag","embeddable":true,"href":"http:\/\/elobservatorio.com.mx\/index.php?rest_route=%2Fwp%2Fv2%2Ftags&post=24455"}],"curies":[{"name":"wp","href":"https:\/\/api.w.org\/{rel}","templated":true}]}}