{"id":24458,"date":"2022-10-05T23:27:31","date_gmt":"2022-10-06T04:27:31","guid":{"rendered":"http:\/\/elobservatorio.com.mx\/?p=24458"},"modified":"2022-10-05T23:27:31","modified_gmt":"2022-10-06T04:27:31","slug":"abiertas-las-inscripciones-para-la-carrera-powerade-colima","status":"publish","type":"post","link":"http:\/\/elobservatorio.com.mx\/?p=24458","title":{"rendered":"Abiertas las inscripciones para la carrera Powerade Colima"},"content":{"rendered":"<p class=\"x_MsoNormal\"><i><span lang=\"ES\">*Invita el IFFECOL y la Embotelladora de Colima.<\/span><\/i><\/p>\n<p class=\"x_MsoNormal\"><i><span lang=\"ES\">*Se espera la participaci\u00f3n de 1200 corredores.<\/span><\/i><\/p>\n<p class=\"x_MsoNormal\"><b><span lang=\"ES\">\u00a0<\/span><\/b><span lang=\"ES\">El Instituto de Fomento de Ferias y Exposiciones de Colima (IFFECOL), en coordinaci\u00f3n con la Embotelladora de Colima, invitan al p\u00fablico en general a participar en la \u201cCarrera Powerade\u201d, la cual se llevar\u00e1 a cabo el domingo 13 de noviembre en el marco de la Feria de Todos los Santos Colima 2022, partiendo del Centro Social y Deportivo de la Embotelladora a las 7 de la ma\u00f1ana.<\/span><\/p>\n<p class=\"x_MsoNormal\"><span lang=\"ES\">\u00a0<\/span><span lang=\"ES\">En rueda de prensa Rodolfo Aguilar D\u00e1valos, director general del IFFECOL agradeci\u00f3 la participaci\u00f3n de la Embotelladora para retomar una actividad que promueva la sana convivencia entre las familias, uno de los objetivos primordiales de esta Feria, as\u00ed como el respaldo de la marca al ser uno de los patrocinadores oficiales en esta edici\u00f3n.<\/span><\/p>\n<p class=\"x_MsoNormal\"><span lang=\"ES\">\u00a0<\/span><span lang=\"ES\">Por su parte Julio C\u00e9sar Salas Brun, Gerente de Capital Humano de Embotelladora de Colima mencion\u00f3 la relevancia en retomar la actividad de la carrera\u00a0<i>Powerade<\/i>, y el inter\u00e9s en volver a participar en este tipo de eventos de manera presencial, principalmente al tratarse de una actividad deportiva con tanta tradici\u00f3n.<\/span><\/p>\n<p class=\"x_MsoNormal\"><span lang=\"ES\">\u00a0<\/span><span lang=\"ES\">En su intervenci\u00f3n Nelson Iv\u00e1n D\u00e9niz G\u00e1lvez, organizador de la carrera\u00a0<i>Powerade<\/i>, mencion\u00f3 que las inscripciones est\u00e1n abiertas desde el 3 octubre y se cerrar\u00e1n el mi\u00e9rcoles 9 de noviembre a las 20:00 horas o al momento de completar los 1,200 participantes.<\/span><\/p>\n<p class=\"x_MsoNormal\"><span lang=\"ES\">\u00a0<\/span><span lang=\"ES\">Los costos van de los $260.00 a los $310.00, dependiendo la distancia a recorrer que son de 3, 5, 10 o 15 kil\u00f3metros, dijo adem\u00e1s que en la p\u00e1gina\u00a0<a href=\"http:\/\/www.asdeporte.com\/\" target=\"_blank\" rel=\"noopener noreferrer\" data-auth=\"NotApplicable\" data-linkindex=\"0\">www.asdeporte.com<\/a>\u00a0se pueden realizar el registro y pago, o Pre-Registro, as\u00ed como adquirir los boletos en las tiendas de conveniencia KIOSKO.<\/span><\/p>\n","protected":false},"excerpt":{"rendered":"<p>*Invita el IFFECOL y la Embotelladora de Colima. *Se espera la participaci\u00f3n de 1200 corredores. \u00a0El Instituto de Fomento de Ferias y Exposiciones de Colima (IFFECOL), en coordinaci\u00f3n con la Embotelladora de Colima, invitan al p\u00fablico en general a participar en la \u201cCarrera Powerade\u201d, la cual se llevar\u00e1 a cabo el domingo 13 de noviembre&#8230;<\/p>\n","protected":false},"author":2,"featured_media":24459,"comment_status":"open","ping_status":"open","sticky":false,"template":"","format":"standard","meta":{"footnotes":""},"categories":[21],"tags":[29,30,28],"class_list":["post-24458","post","type-post","status-publish","format-standard","has-post-thumbnail","hentry","category-deportes","tag-grid","tag-news","tag-slider"],"_links":{"self":[{"href":"http:\/\/elobservatorio.com.mx\/index.php?rest_route=\/wp\/v2\/posts\/24458"}],"collection":[{"href":"http:\/\/elobservatorio.com.mx\/index.php?rest_route=\/wp\/v2\/posts"}],"about":[{"href":"http:\/\/elobservatorio.com.mx\/index.php?rest_route=\/wp\/v2\/types\/post"}],"author":[{"embeddable":true,"href":"http:\/\/elobservatorio.com.mx\/index.php?rest_route=\/wp\/v2\/users\/2"}],"replies":[{"embeddable":true,"href":"http:\/\/elobservatorio.com.mx\/index.php?rest_route=%2Fwp%2Fv2%2Fcomments&post=24458"}],"version-history":[{"count":0,"href":"http:\/\/elobservatorio.com.mx\/index.php?rest_route=\/wp\/v2\/posts\/24458\/revisions"}],"wp:featuredmedia":[{"embeddable":true,"href":"http:\/\/elobservatorio.com.mx\/index.php?rest_route=\/wp\/v2\/media\/24459"}],"wp:attachment":[{"href":"http:\/\/elobservatorio.com.mx\/index.php?rest_route=%2Fwp%2Fv2%2Fmedia&parent=24458"}],"wp:term":[{"taxonomy":"category","embeddable":true,"href":"http:\/\/elobservatorio.com.mx\/index.php?rest_route=%2Fwp%2Fv2%2Fcategories&post=24458"},{"taxonomy":"post_tag","embeddable":true,"href":"http:\/\/elobservatorio.com.mx\/index.php?rest_route=%2Fwp%2Fv2%2Ftags&post=24458"}],"curies":[{"name":"wp","href":"https:\/\/api.w.org\/{rel}","templated":true}]}}