{"id":24461,"date":"2022-10-07T21:50:09","date_gmt":"2022-10-08T02:50:09","guid":{"rendered":"http:\/\/elobservatorio.com.mx\/?p=24461"},"modified":"2022-10-07T21:50:09","modified_gmt":"2022-10-08T02:50:09","slug":"dan-a-conocer-el-programa-de-las-fiestas-cuauhtemoc-2022","status":"publish","type":"post","link":"http:\/\/elobservatorio.com.mx\/?p=24461","title":{"rendered":"Dan a conocer el programa de las Fiestas Cuauht\u00e9moc 2022"},"content":{"rendered":"<p class=\"x_gmail-MsoNoSpacing\"><i>*Este domingo es la tradicional Entrada de la M\u00fasica.\u00a0<\/i><\/p>\n<p class=\"x_gmail-MsoNoSpacing\">Todo est\u00e1 listo para la tradicional Entrada de la M\u00fasica, que este domingo da inici\u00f3 a los Festejos Patronales y Charrotaurinos Cuauht\u00e9moc 2022. En conferencia de prensa la alcaldesa Gabriela Mej\u00eda Mart\u00ednez, se\u00f1al\u00f3 que el programa incluye eventos diversos y destaca la cultura como atractivo especial.<\/p>\n<p class=\"x_gmail-MsoNoSpacing\">Inform\u00f3 que el programa de fiestas en honor a San Rafael Arc\u00e1ngel, del 15 al 24 de octubre, contempla los tradicionales recibimientos, jaripeos y bailes populares, destacando esta vez la participaci\u00f3n de cantantes como Germ\u00e1n Montero, El Bebeto, Ulises Chaidez, Cosme Tadeo y Chuy Gazc\u00f3n, adem\u00e1s de la presentaci\u00f3n de bandas y grupos locales.<\/p>\n<p class=\"x_gmail-MsoNoSpacing\">La presidenta explic\u00f3 que en la parte cultural se realizar\u00e1n presentaciones de ballets folcl\u00f3ricos, danzas y obras de teatro, entre otros espect\u00e1culos que se pueden conocer a detalle consultando los programas en la p\u00e1gina web del Ayuntamiento:\u00a0<a id=\"LPlnk893646\" href=\"https:\/\/www.cuauhtemoc-col.gob.mx\/portal\/\" target=\"_blank\" rel=\"noopener noreferrer\" data-auth=\"NotApplicable\" data-linkindex=\"0\">https:\/\/www.cuauhtemoc-col.gob.mx\/portal\/<\/a><\/p>\n<p class=\"x_gmail-MsoNoSpacing\">Se espera la participaci\u00f3n de cerca de 50 contingentes entre religiosos, culturales y las cuadras; con un gran n\u00famero de danzas, bandas musicales, ballets, bandas de guerra y por supuesto el aspecto charro taurino, de acuerdo a lo informado por el secretario del Ayuntamiento, Aldo Mart\u00ednez Lizardi.<\/p>\n<p class=\"x_gmail-MsoNoSpacing\">En materia de seguridad, el titular del \u00e1rea, Alecio Osegueda Ram\u00edrez, dijo que hay plena coordinaci\u00f3n y habr\u00e1 presencia de los tres \u00f3rdenes de gobierno con elementos de las polic\u00edas Municipal y Estatal, Guardia Nacional, Ej\u00e9rcito y Fiscal\u00eda del Estado, con filtros de revisi\u00f3n en todos los accesos y un despliegue en las inmediaciones, tanto en materia de seguridad como de vialidad.<\/p>\n<p class=\"x_gmail-MsoNoSpacing\">Cabe puntualizar que no permitir\u00e1n el ingreso de vidrio al primer cuadro de la poblaci\u00f3n, y se pide a los asistentes disfrutar con alegr\u00eda, pero tambi\u00e9n con responsabilidad de las actividades, pues las multas por faltas administrativas, como orinar en v\u00eda p\u00fablica o cualquier intento de ri\u00f1a, ser\u00e1n elevadas, dependiendo de la gravedad de la situaci\u00f3n.<\/p>\n<p class=\"x_gmail-MsoNoSpacing\">Edgar Espinoza Pizano, director de Protecci\u00f3n Civil, dio a conocer que se tiene una estrategia puntual para la Entrada de la M\u00fasica, con cuatro motociclistas entre los contingentes, con param\u00e9dico y equipo b\u00e1sico de atenci\u00f3n; seis ambulancias y dos equipos en base que atender\u00e1n no s\u00f3lo el momento del recorrido, sino las actividades normales en cuesti\u00f3n de emergencias.<\/p>\n","protected":false},"excerpt":{"rendered":"<p>*Este domingo es la tradicional Entrada de la M\u00fasica.\u00a0 Todo est\u00e1 listo para la tradicional Entrada de la M\u00fasica, que este domingo da inici\u00f3 a los Festejos Patronales y Charrotaurinos Cuauht\u00e9moc 2022. En conferencia de prensa la alcaldesa Gabriela Mej\u00eda Mart\u00ednez, se\u00f1al\u00f3 que el programa incluye eventos diversos y destaca la cultura como atractivo especial&#8230;.<\/p>\n","protected":false},"author":2,"featured_media":24462,"comment_status":"open","ping_status":"open","sticky":false,"template":"","format":"standard","meta":{"footnotes":""},"categories":[40,8],"tags":[29,30,28],"class_list":["post-24461","post","type-post","status-publish","format-standard","has-post-thumbnail","hentry","category-cuauhtemoc","category-municipios","tag-grid","tag-news","tag-slider"],"_links":{"self":[{"href":"http:\/\/elobservatorio.com.mx\/index.php?rest_route=\/wp\/v2\/posts\/24461"}],"collection":[{"href":"http:\/\/elobservatorio.com.mx\/index.php?rest_route=\/wp\/v2\/posts"}],"about":[{"href":"http:\/\/elobservatorio.com.mx\/index.php?rest_route=\/wp\/v2\/types\/post"}],"author":[{"embeddable":true,"href":"http:\/\/elobservatorio.com.mx\/index.php?rest_route=\/wp\/v2\/users\/2"}],"replies":[{"embeddable":true,"href":"http:\/\/elobservatorio.com.mx\/index.php?rest_route=%2Fwp%2Fv2%2Fcomments&post=24461"}],"version-history":[{"count":0,"href":"http:\/\/elobservatorio.com.mx\/index.php?rest_route=\/wp\/v2\/posts\/24461\/revisions"}],"wp:featuredmedia":[{"embeddable":true,"href":"http:\/\/elobservatorio.com.mx\/index.php?rest_route=\/wp\/v2\/media\/24462"}],"wp:attachment":[{"href":"http:\/\/elobservatorio.com.mx\/index.php?rest_route=%2Fwp%2Fv2%2Fmedia&parent=24461"}],"wp:term":[{"taxonomy":"category","embeddable":true,"href":"http:\/\/elobservatorio.com.mx\/index.php?rest_route=%2Fwp%2Fv2%2Fcategories&post=24461"},{"taxonomy":"post_tag","embeddable":true,"href":"http:\/\/elobservatorio.com.mx\/index.php?rest_route=%2Fwp%2Fv2%2Ftags&post=24461"}],"curies":[{"name":"wp","href":"https:\/\/api.w.org\/{rel}","templated":true}]}}