{"id":24495,"date":"2022-10-10T19:35:29","date_gmt":"2022-10-11T00:35:29","guid":{"rendered":"http:\/\/elobservatorio.com.mx\/?p=24495"},"modified":"2022-10-10T19:35:29","modified_gmt":"2022-10-11T00:35:29","slug":"ayuntamiento-entregara-equipo-a-beneficiarios-de-emprendiendo-mi-autoempleo","status":"publish","type":"post","link":"http:\/\/elobservatorio.com.mx\/?p=24495","title":{"rendered":"Ayuntamiento entregar\u00e1 equipo a beneficiarios de \u201cEmprendiendo mi Autoempleo\u201d"},"content":{"rendered":"<p>Luego de que el pasado 31 de agosto la presidenta de Manzanillo, Griselda Mart\u00ednez encabezara las entregas de herramientas y equipo a las y los beneficiarios del programa \u201cEmprendiendo mi Autoempleo\u201d, este martes se completar\u00e1n dichas entregas; en esta ocasi\u00f3n ser\u00e1n 113 familias las que recibir\u00e1n diversos art\u00edculos para fortalecer sus actividades econ\u00f3micas.<\/p>\n<p>Y es que de acuerdo con el padr\u00f3n de las y los 793 beneficiarios, tanto de la zona rural como urbana, 48 de los paquetes fueron reasignados a nuevas personas, ya que algunas cancelaron su apoyo o no recogieron el vale correspondiente y 65 recibir\u00e1n el equipo faltante en la primera entrega.<\/p>\n<p>Este programa que es el m\u00e1s exitoso de la administraci\u00f3n que encabeza la alcaldesa Griselda Mart\u00ednez y al que se le invierten 12 millones de pesos con recursos propios, tiene la finalidad de contribuir al fomento al autoempleo y al desarrollo y consolidaci\u00f3n de peque\u00f1os micro negocios brindando capacitaci\u00f3n, herramientas de promoci\u00f3n y publicidad, as\u00ed como herramienta y equipamiento complementario para el inicio o el crecimiento de un negocio.<\/p>\n<p>Es de mencionar que este programa ha venido a fortalecer la econom\u00eda local; pues de acuerdo con la experiencia de las ediciones anteriores la generaci\u00f3n de empleos y la independencia econ\u00f3mica fueron de los logros m\u00e1s sustanciales.<\/p>\n<p>&nbsp;<\/p>\n","protected":false},"excerpt":{"rendered":"<p>Luego de que el pasado 31 de agosto la presidenta de Manzanillo, Griselda Mart\u00ednez encabezara las entregas de herramientas y equipo a las y los beneficiarios del programa \u201cEmprendiendo mi Autoempleo\u201d, este martes se completar\u00e1n dichas entregas; en esta ocasi\u00f3n ser\u00e1n 113 familias las que recibir\u00e1n diversos art\u00edculos para fortalecer sus actividades econ\u00f3micas. Y es&#8230;<\/p>\n","protected":false},"author":2,"featured_media":24496,"comment_status":"open","ping_status":"open","sticky":false,"template":"","format":"standard","meta":{"footnotes":""},"categories":[35,8],"tags":[29,30,28],"class_list":["post-24495","post","type-post","status-publish","format-standard","has-post-thumbnail","hentry","category-manzanillo","category-municipios","tag-grid","tag-news","tag-slider"],"_links":{"self":[{"href":"http:\/\/elobservatorio.com.mx\/index.php?rest_route=\/wp\/v2\/posts\/24495"}],"collection":[{"href":"http:\/\/elobservatorio.com.mx\/index.php?rest_route=\/wp\/v2\/posts"}],"about":[{"href":"http:\/\/elobservatorio.com.mx\/index.php?rest_route=\/wp\/v2\/types\/post"}],"author":[{"embeddable":true,"href":"http:\/\/elobservatorio.com.mx\/index.php?rest_route=\/wp\/v2\/users\/2"}],"replies":[{"embeddable":true,"href":"http:\/\/elobservatorio.com.mx\/index.php?rest_route=%2Fwp%2Fv2%2Fcomments&post=24495"}],"version-history":[{"count":0,"href":"http:\/\/elobservatorio.com.mx\/index.php?rest_route=\/wp\/v2\/posts\/24495\/revisions"}],"wp:featuredmedia":[{"embeddable":true,"href":"http:\/\/elobservatorio.com.mx\/index.php?rest_route=\/wp\/v2\/media\/24496"}],"wp:attachment":[{"href":"http:\/\/elobservatorio.com.mx\/index.php?rest_route=%2Fwp%2Fv2%2Fmedia&parent=24495"}],"wp:term":[{"taxonomy":"category","embeddable":true,"href":"http:\/\/elobservatorio.com.mx\/index.php?rest_route=%2Fwp%2Fv2%2Fcategories&post=24495"},{"taxonomy":"post_tag","embeddable":true,"href":"http:\/\/elobservatorio.com.mx\/index.php?rest_route=%2Fwp%2Fv2%2Ftags&post=24495"}],"curies":[{"name":"wp","href":"https:\/\/api.w.org\/{rel}","templated":true}]}}