{"id":24554,"date":"2022-10-13T16:34:17","date_gmt":"2022-10-13T21:34:17","guid":{"rendered":"http:\/\/elobservatorio.com.mx\/?p=24554"},"modified":"2022-10-13T16:34:17","modified_gmt":"2022-10-13T21:34:17","slug":"en-pleno-desayuno-con-causa-arturo-avalos-y-rigoberto-garcia-donan-efectivo-para-asociacion-contra-el-cancer","status":"publish","type":"post","link":"http:\/\/elobservatorio.com.mx\/?p=24554","title":{"rendered":"En pleno desayuno con causa, Arturo Avalos y Rigoberto Garc\u00eda donan efectivo para Asociaci\u00f3n contra el C\u00e1ncer"},"content":{"rendered":"<p><em>*Aunque el objetivo era recaudar m\u00e1s recursos, el periodista y diputado local tomaron la iniciativa para que los dem\u00e1s legisladores, regidores y funcionarios estatales y municipales ah\u00ed presentes se animaran, sin embargo ninguno levant\u00f3 la mano para sumarse.<\/em><\/p>\n<p>Tecom\u00e1n Col.- La ma\u00f1ana de este jueves, en pleno desayuno con causa, que organiz\u00f3 la Asociaci\u00f3n contra el C\u00e1ncer tecomense, en conocido sal\u00f3n de fiestas, el diputado local <strong>Rigoberto Garc\u00eda Negrete y el periodista Arturo Avalos Sandoval<\/strong>,\u00a0 se sumaron a la causa y donaron en efectivo en pleno evento.<\/p>\n<p>El maestro de ceremonias, el Ing. Miguel Barbosa desarrollaba el evento, cuando inesperadamente anunci\u00f3 la aportaci\u00f3n de 3 mil pesos por parte del periodista Arturo Avalos Sandoval, director del medio digital De Pol\u00edtica y Algo m\u00e1s,\u00a0 y para no quedarse atr\u00e1s,\u00a0 Rigoberto Garc\u00eda tambi\u00e9n levant\u00f3 la mano anunciando una aportaci\u00f3n de 5 mil pesos.<\/p>\n<p>Aunque la intenci\u00f3n de los donadores era que el resto de los legisladores ah\u00ed presentes tambi\u00e9n se sumaran para que la Asociaci\u00f3n cumpla con la meta de recaudar cerca de medio mill\u00f3n de pesos, que es superior a lo recaudado el a\u00f1o anterior, pero lamentablemente nadie m\u00e1s lo hizo.<\/p>\n<p>Los legisladores locales que estaban presentes fueron Armando Reyna, Julio Cano, Yomira Carrillo, adem\u00e1s de Diana Zepeda\u00a0 presidenta municipal de Armer\u00eda, Viridiana Valencia Vargas, delegada de programas federales, Mireya Mart\u00ednez, presidenta del DIF Tecom\u00e1n y algunos regidores de Tecom\u00e1n, todos los personajes mencionados son de MORENA, partido que gobierna actualmente.<\/p>\n<p>Aunque nadie m\u00e1s se sum\u00f3 a la aportaci\u00f3n, el evento se desarroll\u00f3 de manera elegante y ordenado. Las actividades del mes rosa, continuar\u00e1n todo el mes de octubre, en donde se pretende recabar la cantidad antes mencionada, recursos que servir\u00e1n para seguir apoyando a mujeres en la lucha contra el c\u00e1ncer, no s\u00f3lo en Tecom\u00e1n, sino en todo el Estado.<\/p>\n<p>&nbsp;<\/p>\n<p>&nbsp;<\/p>\n","protected":false},"excerpt":{"rendered":"<p>*Aunque el objetivo era recaudar m\u00e1s recursos, el periodista y diputado local tomaron la iniciativa para que los dem\u00e1s legisladores, regidores y funcionarios estatales y municipales ah\u00ed presentes se animaran, sin embargo ninguno levant\u00f3 la mano para sumarse. Tecom\u00e1n Col.- La ma\u00f1ana de este jueves, en pleno desayuno con causa, que organiz\u00f3 la Asociaci\u00f3n contra&#8230;<\/p>\n","protected":false},"author":2,"featured_media":24555,"comment_status":"open","ping_status":"open","sticky":false,"template":"","format":"standard","meta":{"footnotes":""},"categories":[8,34],"tags":[29,30,28],"class_list":["post-24554","post","type-post","status-publish","format-standard","has-post-thumbnail","hentry","category-municipios","category-tecoman","tag-grid","tag-news","tag-slider"],"_links":{"self":[{"href":"http:\/\/elobservatorio.com.mx\/index.php?rest_route=\/wp\/v2\/posts\/24554"}],"collection":[{"href":"http:\/\/elobservatorio.com.mx\/index.php?rest_route=\/wp\/v2\/posts"}],"about":[{"href":"http:\/\/elobservatorio.com.mx\/index.php?rest_route=\/wp\/v2\/types\/post"}],"author":[{"embeddable":true,"href":"http:\/\/elobservatorio.com.mx\/index.php?rest_route=\/wp\/v2\/users\/2"}],"replies":[{"embeddable":true,"href":"http:\/\/elobservatorio.com.mx\/index.php?rest_route=%2Fwp%2Fv2%2Fcomments&post=24554"}],"version-history":[{"count":0,"href":"http:\/\/elobservatorio.com.mx\/index.php?rest_route=\/wp\/v2\/posts\/24554\/revisions"}],"wp:featuredmedia":[{"embeddable":true,"href":"http:\/\/elobservatorio.com.mx\/index.php?rest_route=\/wp\/v2\/media\/24555"}],"wp:attachment":[{"href":"http:\/\/elobservatorio.com.mx\/index.php?rest_route=%2Fwp%2Fv2%2Fmedia&parent=24554"}],"wp:term":[{"taxonomy":"category","embeddable":true,"href":"http:\/\/elobservatorio.com.mx\/index.php?rest_route=%2Fwp%2Fv2%2Fcategories&post=24554"},{"taxonomy":"post_tag","embeddable":true,"href":"http:\/\/elobservatorio.com.mx\/index.php?rest_route=%2Fwp%2Fv2%2Ftags&post=24554"}],"curies":[{"name":"wp","href":"https:\/\/api.w.org\/{rel}","templated":true}]}}