{"id":24582,"date":"2022-10-13T23:36:52","date_gmt":"2022-10-14T04:36:52","guid":{"rendered":"http:\/\/elobservatorio.com.mx\/?p=24582"},"modified":"2022-10-13T23:36:52","modified_gmt":"2022-10-14T04:36:52","slug":"ayuntamiento-de-colima-entrega-presea-jorge-castell-a-10-destacados-docentes","status":"publish","type":"post","link":"http:\/\/elobservatorio.com.mx\/?p=24582","title":{"rendered":"Ayuntamiento de Colima entrega presea Jorge Castell a 10 destacados docentes"},"content":{"rendered":"<p><em>*Han dejado una huella imborrable en el coraz\u00f3n de muchos ni\u00f1os, ni\u00f1as y adolescentes, afirm\u00f3 Margarita Moreno, alcaldesa de la capital del estado.<\/em><br aria-hidden=\"true\" \/><br aria-hidden=\"true\" \/>La presidenta municipal de Colima, Margarita Moreno, encabez\u00f3 una Sesi\u00f3n Solemne de Cabildo para entregar la presea al m\u00e9rito docente Jorge Castell Guerrero a 10 destacadas maestras y maestros de la capital del estado.<br aria-hidden=\"true\" \/><br aria-hidden=\"true\" \/>\u201cUstedes son de esos docentes que han dejado una huella imborrable en el coraz\u00f3n de muchos ni\u00f1os, ni\u00f1as y adolescentes. Porque el d\u00eda que eligieron esta noble tarea, su objetivo no era ganar premios o medallas, sino educar, motivar, inspirar y lo han logrado\u201d, expuso Margarita Moreno en su mensaje.<br aria-hidden=\"true\" \/><br aria-hidden=\"true\" \/>Refiri\u00f3 que la vocaci\u00f3n y compromiso de las y los docentes homenajeados los distingue, pues han sido verdaderos gu\u00edas que han marcado rumbos, sin dejar a sus estudiantes, y trabajando con los padres y familias los han formado en mente y coraz\u00f3n.\u00a0<br aria-hidden=\"true\" \/><br aria-hidden=\"true\" \/>\u201cEste ayuntamiento, a un par de d\u00edas de cumplir un a\u00f1o trabajando por Colima, tenemos el fuerte y firme compromiso de dignificar y reconocer a las y los docentes. Porque en la construcci\u00f3n de un Colima limpio, ordenado, pr\u00f3spero, pero sobre todo un Colima m\u00e1s humano, vamos de la mano con ustedes\u201d, manifest\u00f3 la presidenta.<br aria-hidden=\"true\" \/><br aria-hidden=\"true\" \/>Durante la ceremonia, Sandra Vel\u00e1zquez Alcaraz, directora General Adjunta de Educaci\u00f3n, Cultura y Recreaci\u00f3n, ley\u00f3 el informe del jurado calificador que dio la presea a las y los docentes Ariel Enrique S\u00e1nchez Cruz, Marcela Mendoza Venegas, Yeni Lizbeth Lozano Pe\u00f1a, Leonor de Jes\u00fas Lupi\u00e9n Ventura, Laura Elena Lozano Hern\u00e1ndez, Elida Arlena Salgado Mor\u00e1n, Myriam Mercedes Cervantes Torres, Guadalupe Preciado Brizuela, Laura Luz Garc\u00eda Robles y Carlos Rafael Anguiano Barbosa.<br aria-hidden=\"true\" \/><br aria-hidden=\"true\" \/>En su intervenci\u00f3n, el regidor Federico Rangel Lozano, presidente de la Comisi\u00f3n de Educaci\u00f3n, Cultura y Recreaci\u00f3n, manifest\u00f3 que este logro de los homenajeados es producto de un trabajo realizado con pasi\u00f3n y gran satisfacci\u00f3n, al ver forjado y realizado a sus estudiantes, representando los ideales y siguiendo el ejemplo del destacado maestro Jorge Castell Guerrero, as\u00ed como de muchos otros maestros distinguidos.<br aria-hidden=\"true\" \/><br aria-hidden=\"true\" \/>A nombre de los galardonados, Myriam Mercedes Cervantes Torres, agradeci\u00f3 a la presidenta municipal y al cabildo el honor de haber recibido esta presea que corona un trabajo de m\u00e1s de tres d\u00e9cadas llenas de vocaci\u00f3n, de amor por la docencia al inculcar los valores en las nuevas generaciones, sin importar las circunstancias m\u00e1s adversas como la pasada pandemia, el cansancio, entre otras adversidades m\u00e1s que se superan por el amor a los y las estudiantes.<br aria-hidden=\"true\" \/><br aria-hidden=\"true\" \/>Finalmente, en representaci\u00f3n de la gobernadora Indira Vizca\u00edno Silva, el secretario de Educaci\u00f3n, Adolfo N\u00fa\u00f1ez Gonz\u00e1lez agradeci\u00f3 a las y los galardonados por la entrega de m\u00e1s de la mitad de su vida en la formaci\u00f3n de las ni\u00f1as, ni\u00f1os y adolescentes, demostrando su vocaci\u00f3n y compromiso, pues ni la pandemia pudo detener su creatividad y cari\u00f1o hacia las y los educandos. \u00a0<br aria-hidden=\"true\" \/><br aria-hidden=\"true\" \/>Participaron en la ceremonia y estuvieron presentes como invitados especiales, la magistrada Leticia Ch\u00e1vez Ponce, como representante del Poder Judicial; la diputada Evangelina Bustamente Morales, representante del Poder Legislativo; el secretario del Ayuntamiento de Colima, Francisco Rodr\u00edguez Garc\u00eda; el s\u00edndico, Jes\u00fas Alberto Partida Valencia, adem\u00e1s de los y las regidoras que integran el cabildo del Ayuntamiento de Colima, entre otros invitados especiales.<\/p>\n","protected":false},"excerpt":{"rendered":"<p>*Han dejado una huella imborrable en el coraz\u00f3n de muchos ni\u00f1os, ni\u00f1as y adolescentes, afirm\u00f3 Margarita Moreno, alcaldesa de la capital del estado.La presidenta municipal de Colima, Margarita Moreno, encabez\u00f3 una Sesi\u00f3n Solemne de Cabildo para entregar la presea al m\u00e9rito docente Jorge Castell Guerrero a 10 destacadas maestras y maestros de la capital del&#8230;<\/p>\n","protected":false},"author":2,"featured_media":24583,"comment_status":"open","ping_status":"open","sticky":false,"template":"","format":"standard","meta":{"footnotes":""},"categories":[36,8],"tags":[29,30,28],"class_list":["post-24582","post","type-post","status-publish","format-standard","has-post-thumbnail","hentry","category-colima","category-municipios","tag-grid","tag-news","tag-slider"],"_links":{"self":[{"href":"http:\/\/elobservatorio.com.mx\/index.php?rest_route=\/wp\/v2\/posts\/24582"}],"collection":[{"href":"http:\/\/elobservatorio.com.mx\/index.php?rest_route=\/wp\/v2\/posts"}],"about":[{"href":"http:\/\/elobservatorio.com.mx\/index.php?rest_route=\/wp\/v2\/types\/post"}],"author":[{"embeddable":true,"href":"http:\/\/elobservatorio.com.mx\/index.php?rest_route=\/wp\/v2\/users\/2"}],"replies":[{"embeddable":true,"href":"http:\/\/elobservatorio.com.mx\/index.php?rest_route=%2Fwp%2Fv2%2Fcomments&post=24582"}],"version-history":[{"count":0,"href":"http:\/\/elobservatorio.com.mx\/index.php?rest_route=\/wp\/v2\/posts\/24582\/revisions"}],"wp:featuredmedia":[{"embeddable":true,"href":"http:\/\/elobservatorio.com.mx\/index.php?rest_route=\/wp\/v2\/media\/24583"}],"wp:attachment":[{"href":"http:\/\/elobservatorio.com.mx\/index.php?rest_route=%2Fwp%2Fv2%2Fmedia&parent=24582"}],"wp:term":[{"taxonomy":"category","embeddable":true,"href":"http:\/\/elobservatorio.com.mx\/index.php?rest_route=%2Fwp%2Fv2%2Fcategories&post=24582"},{"taxonomy":"post_tag","embeddable":true,"href":"http:\/\/elobservatorio.com.mx\/index.php?rest_route=%2Fwp%2Fv2%2Ftags&post=24582"}],"curies":[{"name":"wp","href":"https:\/\/api.w.org\/{rel}","templated":true}]}}