{"id":24638,"date":"2022-10-17T23:24:19","date_gmt":"2022-10-18T04:24:19","guid":{"rendered":"http:\/\/elobservatorio.com.mx\/?p=24638"},"modified":"2022-10-17T23:24:19","modified_gmt":"2022-10-18T04:24:19","slug":"ayuntamiento-de-colima-inicia-repavimentacion-del-boulevard-camino-real","status":"publish","type":"post","link":"http:\/\/elobservatorio.com.mx\/?p=24638","title":{"rendered":"Ayuntamiento de Colima inicia repavimentaci\u00f3n del Boulevard Camino Real"},"content":{"rendered":"<p><em>*A partir de este martes 18, hasta el viernes 27 de octubre, se realizar\u00e1 el trabajo de repavimentaci\u00f3n del boulevard Camino Real, desde Tercer Anillo Perif\u00e9rico hasta la avenida Gonzalo de Sandoval. *Tambi\u00e9n se pavimentar\u00e1 un tramo de la avenida Gonzalo de Sandoval, entre las calles Leonardo Bravo y Rep\u00fablica.<\/em><br aria-hidden=\"true\" \/><br aria-hidden=\"true\" \/>El Ayuntamiento de Colima sigue trabajando y poniendo Manos a la Obra por un municipio con mejores vialidades; por ello, a partir de este martes 18, hasta el 27 de octubre, se realizar\u00e1n los trabajos de repavimentaci\u00f3n del boulevard Camino Real, desde Tercer Anillo Perif\u00e9rico hasta el cruce con la avenida Gonzalo de Sandoval.<br aria-hidden=\"true\" \/><br aria-hidden=\"true\" \/>Los trabajos programados se realizan en atenci\u00f3n directa a las peticiones de la poblaci\u00f3n que transita diariamente por esta importante v\u00eda de comunicaci\u00f3n, con el objetivo de remodelarla y propiciar condiciones m\u00e1s seguras de movilidad.<br aria-hidden=\"true\" \/><br aria-hidden=\"true\" \/>Para este fin, el Ayuntamiento tiene previsto un operativo integral que facilite la movilidad durante los d\u00edas de ejecuci\u00f3n de la obra p\u00fablica considerando que el tr\u00e1nsito vehicular quedar\u00e1 limitado a dos de los cuatro carriles, teniendo disponibilidad de un carril para cada sentido. \u00a0<br aria-hidden=\"true\" \/><br aria-hidden=\"true\" \/>El gobierno municipal hace una cordial invitaci\u00f3n a las y los ciudadanos que transiten por esta zona de la ciudad, a que programen sus recorridos con mayor disponibilidad de tiempo y a seguir las indicaciones del personal de vialidad y\/o se\u00f1alamientos que se instalar\u00e1n en la zona, con el fin de prevenir alg\u00fan contratiempo.<br aria-hidden=\"true\" \/><br aria-hidden=\"true\" \/>La primera etapa comprende trabajos a partir del 18 de octubre en el boulevard Camino Real, en el tramo entre la Avenida Universidad y Tercer Anillo Perif\u00e9rico; la segunda etapa, que inicia el 21 de octubre comprende los trabajos de rehabilitaci\u00f3n de Pavimentaci\u00f3n en Colima entre la Avenida Gonzalo de Sandoval y Av. Universidad, concluyendo trabajos el 27 de octubre.<br aria-hidden=\"true\" \/><br aria-hidden=\"true\" \/>De igual manera, este martes 18 se dan inicio con las obras de repavimentaci\u00f3n en la Av. Gonzalo de Sandoval, entre las calles Leonardo Bravo y Avenida Rep\u00fablica, en sentido poniente a oriente, mismas que tienen el prop\u00f3sito de mejorar esta vialidad en favor de las familias de las colonias colindantes.<br aria-hidden=\"true\" \/><br aria-hidden=\"true\" \/>El Ayuntamiento de Colima agradece la colaboraci\u00f3n de la ciudadan\u00eda, al se\u00f1alar que las molestias son temporales, pero los beneficios ser\u00e1n para todas y todos, una vez que se concluyan los trabajos que har\u00e1n, para tener vialidades modernas y m\u00e1s seguras.<\/p>\n","protected":false},"excerpt":{"rendered":"<p>*A partir de este martes 18, hasta el viernes 27 de octubre, se realizar\u00e1 el trabajo de repavimentaci\u00f3n del boulevard Camino Real, desde Tercer Anillo Perif\u00e9rico hasta la avenida Gonzalo de Sandoval. *Tambi\u00e9n se pavimentar\u00e1 un tramo de la avenida Gonzalo de Sandoval, entre las calles Leonardo Bravo y Rep\u00fablica.El Ayuntamiento de Colima sigue trabajando&#8230;<\/p>\n","protected":false},"author":2,"featured_media":24639,"comment_status":"open","ping_status":"open","sticky":false,"template":"","format":"standard","meta":{"footnotes":""},"categories":[36,8],"tags":[29,30,28],"class_list":["post-24638","post","type-post","status-publish","format-standard","has-post-thumbnail","hentry","category-colima","category-municipios","tag-grid","tag-news","tag-slider"],"_links":{"self":[{"href":"http:\/\/elobservatorio.com.mx\/index.php?rest_route=\/wp\/v2\/posts\/24638"}],"collection":[{"href":"http:\/\/elobservatorio.com.mx\/index.php?rest_route=\/wp\/v2\/posts"}],"about":[{"href":"http:\/\/elobservatorio.com.mx\/index.php?rest_route=\/wp\/v2\/types\/post"}],"author":[{"embeddable":true,"href":"http:\/\/elobservatorio.com.mx\/index.php?rest_route=\/wp\/v2\/users\/2"}],"replies":[{"embeddable":true,"href":"http:\/\/elobservatorio.com.mx\/index.php?rest_route=%2Fwp%2Fv2%2Fcomments&post=24638"}],"version-history":[{"count":0,"href":"http:\/\/elobservatorio.com.mx\/index.php?rest_route=\/wp\/v2\/posts\/24638\/revisions"}],"wp:featuredmedia":[{"embeddable":true,"href":"http:\/\/elobservatorio.com.mx\/index.php?rest_route=\/wp\/v2\/media\/24639"}],"wp:attachment":[{"href":"http:\/\/elobservatorio.com.mx\/index.php?rest_route=%2Fwp%2Fv2%2Fmedia&parent=24638"}],"wp:term":[{"taxonomy":"category","embeddable":true,"href":"http:\/\/elobservatorio.com.mx\/index.php?rest_route=%2Fwp%2Fv2%2Fcategories&post=24638"},{"taxonomy":"post_tag","embeddable":true,"href":"http:\/\/elobservatorio.com.mx\/index.php?rest_route=%2Fwp%2Fv2%2Ftags&post=24638"}],"curies":[{"name":"wp","href":"https:\/\/api.w.org\/{rel}","templated":true}]}}