{"id":24700,"date":"2022-10-26T13:07:37","date_gmt":"2022-10-26T18:07:37","guid":{"rendered":"http:\/\/elobservatorio.com.mx\/?p=24700"},"modified":"2022-10-26T13:07:37","modified_gmt":"2022-10-26T18:07:37","slug":"ayuntamiento-de-colima-convoca-a-concursos-de-catrinas-vivientes-y-adorno-de-tumbas","status":"publish","type":"post","link":"http:\/\/elobservatorio.com.mx\/?p=24700","title":{"rendered":"Ayuntamiento de Colima convoca a concursos de Catrinas vivientes y Adorno de Tumbas"},"content":{"rendered":"<p><em>*La inscripci\u00f3n es gratuita y cierra el viernes 28 de octubre.<\/em><br aria-hidden=\"true\" \/><br aria-hidden=\"true\" \/>La direcci\u00f3n general adjunta de Educaci\u00f3n, Cultura y Recreaci\u00f3n del Ayuntamiento de Colima convoca al p\u00fablico en general a participar en los concursos de Catrinas Vivientes y Adorno de Tumbas, los cuales se realizar\u00e1n en el pante\u00f3n de Colima, dentro del marco del Festival del D\u00eda de Muertos.<br aria-hidden=\"true\" \/><br aria-hidden=\"true\" \/>Para ambos concursos podr\u00e1n participar cualquier ciudadano, familia, escuela, empresa o asociaci\u00f3n civil, individual o en grupo m\u00e1ximo de cinco personas, quienes deber\u00e1n inscribirse antes del viernes 29 de octubre.<br aria-hidden=\"true\" \/><br aria-hidden=\"true\" \/>Las bases de la convocatoria y el registro de inscripci\u00f3n se encuentran en las redes sociales del Ayuntamiento de Colima, en las oficinas de la Direcci\u00f3n General Adjunta de Educaci\u00f3n, Cultura y Recreaci\u00f3n o en el siguiente link:\u00a0<a id=\"LPlnk898221\" href=\"https:\/\/docs.google.com\/forms\/d\/e\/1FAIpQLScl6D-ClEHhve7fmZeURPm8k3ss_Dv-jsP9ngQwZJsTZk3oXg\/viewform\" target=\"_blank\" rel=\"noopener noreferrer\" data-auth=\"NotApplicable\" data-linkindex=\"0\">https:\/\/docs.google.com\/forms\/d\/e\/1FAIpQLScl6D-ClEHhve7fmZeURPm8k3ss_Dv-jsP9ngQwZJsTZk3oXg\/viewform<\/a><\/p>\n<p>La premiaci\u00f3n de ambos concursos se har\u00e1 de manera simult\u00e1nea el 02 de noviembre a las 20 horas en el Pante\u00f3n Municipal de Colima, donde se entregar\u00e1n reconocimientos y el premio econ\u00f3mico, para quienes resulten ganadores del concurso Honro el Descanso de los Muertos (decoraci\u00f3n e iluminaci\u00f3n de tumbas) y de La Catrina de Mictl\u00e1n (concurso de catrinas vivientes).<\/p>\n","protected":false},"excerpt":{"rendered":"<p>*La inscripci\u00f3n es gratuita y cierra el viernes 28 de octubre.La direcci\u00f3n general adjunta de Educaci\u00f3n, Cultura y Recreaci\u00f3n del Ayuntamiento de Colima convoca al p\u00fablico en general a participar en los concursos de Catrinas Vivientes y Adorno de Tumbas, los cuales se realizar\u00e1n en el pante\u00f3n de Colima, dentro del marco del Festival del&#8230;<\/p>\n","protected":false},"author":2,"featured_media":24701,"comment_status":"open","ping_status":"open","sticky":false,"template":"","format":"standard","meta":{"footnotes":""},"categories":[36,8],"tags":[29,30,28],"class_list":["post-24700","post","type-post","status-publish","format-standard","has-post-thumbnail","hentry","category-colima","category-municipios","tag-grid","tag-news","tag-slider"],"_links":{"self":[{"href":"http:\/\/elobservatorio.com.mx\/index.php?rest_route=\/wp\/v2\/posts\/24700"}],"collection":[{"href":"http:\/\/elobservatorio.com.mx\/index.php?rest_route=\/wp\/v2\/posts"}],"about":[{"href":"http:\/\/elobservatorio.com.mx\/index.php?rest_route=\/wp\/v2\/types\/post"}],"author":[{"embeddable":true,"href":"http:\/\/elobservatorio.com.mx\/index.php?rest_route=\/wp\/v2\/users\/2"}],"replies":[{"embeddable":true,"href":"http:\/\/elobservatorio.com.mx\/index.php?rest_route=%2Fwp%2Fv2%2Fcomments&post=24700"}],"version-history":[{"count":0,"href":"http:\/\/elobservatorio.com.mx\/index.php?rest_route=\/wp\/v2\/posts\/24700\/revisions"}],"wp:featuredmedia":[{"embeddable":true,"href":"http:\/\/elobservatorio.com.mx\/index.php?rest_route=\/wp\/v2\/media\/24701"}],"wp:attachment":[{"href":"http:\/\/elobservatorio.com.mx\/index.php?rest_route=%2Fwp%2Fv2%2Fmedia&parent=24700"}],"wp:term":[{"taxonomy":"category","embeddable":true,"href":"http:\/\/elobservatorio.com.mx\/index.php?rest_route=%2Fwp%2Fv2%2Fcategories&post=24700"},{"taxonomy":"post_tag","embeddable":true,"href":"http:\/\/elobservatorio.com.mx\/index.php?rest_route=%2Fwp%2Fv2%2Ftags&post=24700"}],"curies":[{"name":"wp","href":"https:\/\/api.w.org\/{rel}","templated":true}]}}