{"id":24756,"date":"2022-10-28T02:05:27","date_gmt":"2022-10-28T07:05:27","guid":{"rendered":"http:\/\/elobservatorio.com.mx\/?p=24756"},"modified":"2022-10-28T02:06:11","modified_gmt":"2022-10-28T07:06:11","slug":"manuel-espino-propone-a-amlo-y-segob-pactar-con-crimen-organizado-para-pacificar-mexico","status":"publish","type":"post","link":"http:\/\/elobservatorio.com.mx\/?p=24756","title":{"rendered":"Manuel Espino propone a AMLO y Segob pactar con crimen organizado para pacificar M\u00e9xico"},"content":{"rendered":"<p><em>*El ex funcionario asever\u00f3 que esta medida ya se ha puesto en pr\u00e1ctica en otras naciones con alta incidencia delictiva<\/em><\/p>\n<p>El\u00a0<strong>excomisionado del Servicio de Protecci\u00f3n Federal<\/strong>\u00a0<strong>(SPF)<\/strong>, Manuel Espino, le sugiri\u00f3 este jueves al secretario de Gobernaci\u00f3n,\u00a0<strong>Ad\u00e1n Augusto L\u00f3pez<\/strong>\u00a0<strong>Hern\u00e1ndez<\/strong>, pactar con el\u00a0<strong>crimen organizado<\/strong>\u00a0para pacificar M\u00e9xico. Argument\u00f3 que esta medida ya se ha puesto en pr\u00e1ctica en otras naciones con\u00a0<strong>alta incidencia delictiva.<\/strong><\/p>\n<blockquote><p><em>\u201cDe lo que no se ha querido hablar, pero yo s\u00ed quiero hablar, es de que en la estrategia (de seguridad) se debe hablar, no descartarla de antemano, el\u00a0acordar con los grupos criminales\u201d, extern\u00f3 Espino, durante el Foro Internacional \u2018Seguridad y Justicia por un M\u00e9xico mejor\u2019<\/em><strong>.<\/strong><\/p><\/blockquote>\n<p style=\"text-align: left;\">El exfuncionaro puntualiz\u00f3, que en abril pasado habl\u00f3 con el presidente <strong>Andr\u00e9s Manuel L\u00f3pez Obrador (AMLO)<\/strong>\u00a0sobre el tema de seguridad y le hizo esta propuesta. Asimismo, se\u00f1al\u00f3 que le record\u00f3 al mandatario que pacificar el territorio mexicano fue una de sus principales promesas de campa\u00f1a.<\/p>\n<blockquote><p><em>\u201cY le dec\u00eda yo entonces al presidente que no solamente no lo hemos logrado, sino que lo hemos empeorado. Hoy estamos peor que al principio en materia de seguridad y le ofrec\u00ed llevarle una propuesta y le dije que iba a hacer muy atrevida\u201d, refiri\u00f3.<\/em><\/p><\/blockquote>\n<div class=\"pinno-post-soc-in\">\n<div id=\"pinno-content-body\" class=\"left relative\">\n<div id=\"pinno-content-body-top\" class=\"left relative\">\n<div id=\"pinno-content-main\" class=\"left relative\">\n<p>De igual forma,\u00a0<strong>Manuel Espino<\/strong>, destac\u00f3 que le insin\u00fao la propuesta a la secretaria de Seguridad y Protecci\u00f3n Ciudadana,<strong>\u00a0Rosa Icela Rodr\u00edguez<\/strong>, pero lo \u201cfustig\u00f3, porque yo le dec\u00eda a la secretaria que no podemos descartar<em>\u00a0a priori\u00a0<\/em>acordar con los\u00a0<strong>grupos criminales<\/strong>\u201d.<\/p>\n<div class=\"pinno-post-soc-wrap left relative\">\u00a0Adem\u00e1s, agreg\u00f3 que esta misma propuesta ya se la hizo llegar a organizaciones delictivas y, de acuerdo con \u00e9l, dos de ellas ya aceptaron entablar un di\u00e1logo con las autoridades.<\/div>\n<div class=\"pinno-post-soc-in\">\n<div id=\"pinno-content-body\" class=\"left relative\">\n<div id=\"pinno-content-body-top\" class=\"left relative\">\n<div id=\"pinno-content-main\" class=\"left relative\">\n<div class=\"wp-block-dnp-circular dnp-circular-news\">\n<div class=\"dnp-circular-container\">\n<div id=\"content\">\n<blockquote><p><em>\u201cYo buscar\u00eda la manera de socializar, incluso hacer llegar a criminales la propuesta de que acepten establecer un dialogo con autoridades para disminuir la violencia, que acepten dejar ciertas pr\u00e1cticas como es comprar funcionarios, darles dinero a cambio de privilegios o a cambio de que les permitan comercializar sus productos, o que se hagan de la vista gorda frente a delitos como secuestro, violaci\u00f3n, trata de personas\u201d, expres\u00f3.<\/em><\/p><\/blockquote>\n<div class=\"pinno-post-soc-wrap left relative\">\u00a0En entrevista con Azucena Uresti para Grupo F\u00f3rmula, el excomidionado tambi\u00e9n hizo menci\u00f3n de que en otras administraciones federales y estatales, autoridades ya han pactado con criminales para pacificar al pa\u00eds y puso como ejemplo a <strong>Genaro Garc\u00eda Luna<\/strong>,\u00a0<strong>ex secretario de Seguridad P\u00fablica<\/strong>\u00a0durante el sexenio de\u00a0<strong>Felipe Calder\u00f3n<\/strong>. As\u00ed como a\u00a0<strong>Francisco Garc\u00eda Cabeza de Vaca<\/strong>, ex gobernador panista de\u00a0<strong>Tamaulipas.\u00a0<\/strong><\/div>\n<div class=\"pinno-post-soc-in\">\n<div id=\"pinno-content-body\" class=\"left relative\">\n<div id=\"pinno-content-body-top\" class=\"left relative\">\n<div id=\"pinno-content-main\" class=\"left relative\">\n<blockquote><p><em>\u201cLo que se est\u00e1 haciendo de facto en algunos gobiernos municipales, se ha hecho en algunos gobiernos estatales, y no dudo que en gobiernos federales se haya hecho. (Negociar con el crimen) eso se ha hecho y no podemos negarlo, hay constancia de ello tanto que uno de los que negociaron con ellos y lleg\u00f3 a ser secretario de Seguridad est\u00e1 en la c\u00e1rcel en Estados Unidos, Genaro Garc\u00eda Luna\u201d, afirm\u00f3.<\/em><\/p><\/blockquote>\n<p>Adem\u00e1s, Espino asever\u00f3 que esta propuesta no es una ocurrencia, sino que es una estrategia que ya se ha puesto en pr\u00e1ctica en pa\u00edses como Colombia, El Salvador e incluso Ciudad Ju\u00e1rez, y ha dado resultados.<\/p>\n<p><strong>Manuel Espino, fue dirigente nacional del PAN durante el sexenio de Vicente Fox,<\/strong>\u00a0pero fue expulsado del partido por oponerse a la lucha frontal del gobierno con el crimen organizado, y<strong>\u00a0<\/strong>posteriormente fue llamado para colaborar con\u00a0<strong>Morena.<\/strong><\/p>\n<p><em>Con informaci\u00f3n de noticiasenlamira.com\u00a0<\/em><\/p>\n<\/div>\n<\/div>\n<\/div>\n<\/div>\n<\/div>\n<\/div>\n<\/div>\n<\/div>\n<\/div>\n<\/div>\n<\/div>\n<\/div>\n<\/div>\n<\/div>\n<\/div>\n","protected":false},"excerpt":{"rendered":"<p>*El ex funcionario asever\u00f3 que esta medida ya se ha puesto en pr\u00e1ctica en otras naciones con alta incidencia delictiva El\u00a0excomisionado del Servicio de Protecci\u00f3n Federal\u00a0(SPF), Manuel Espino, le sugiri\u00f3 este jueves al secretario de Gobernaci\u00f3n,\u00a0Ad\u00e1n Augusto L\u00f3pez\u00a0Hern\u00e1ndez, pactar con el\u00a0crimen organizado\u00a0para pacificar M\u00e9xico. Argument\u00f3 que esta medida ya se ha puesto en pr\u00e1ctica en&#8230;<\/p>\n","protected":false},"author":2,"featured_media":24757,"comment_status":"open","ping_status":"open","sticky":false,"template":"","format":"standard","meta":{"footnotes":""},"categories":[13],"tags":[29,30,28],"class_list":["post-24756","post","type-post","status-publish","format-standard","has-post-thumbnail","hentry","category-nacion-y-mundo","tag-grid","tag-news","tag-slider"],"_links":{"self":[{"href":"http:\/\/elobservatorio.com.mx\/index.php?rest_route=\/wp\/v2\/posts\/24756"}],"collection":[{"href":"http:\/\/elobservatorio.com.mx\/index.php?rest_route=\/wp\/v2\/posts"}],"about":[{"href":"http:\/\/elobservatorio.com.mx\/index.php?rest_route=\/wp\/v2\/types\/post"}],"author":[{"embeddable":true,"href":"http:\/\/elobservatorio.com.mx\/index.php?rest_route=\/wp\/v2\/users\/2"}],"replies":[{"embeddable":true,"href":"http:\/\/elobservatorio.com.mx\/index.php?rest_route=%2Fwp%2Fv2%2Fcomments&post=24756"}],"version-history":[{"count":0,"href":"http:\/\/elobservatorio.com.mx\/index.php?rest_route=\/wp\/v2\/posts\/24756\/revisions"}],"wp:featuredmedia":[{"embeddable":true,"href":"http:\/\/elobservatorio.com.mx\/index.php?rest_route=\/wp\/v2\/media\/24757"}],"wp:attachment":[{"href":"http:\/\/elobservatorio.com.mx\/index.php?rest_route=%2Fwp%2Fv2%2Fmedia&parent=24756"}],"wp:term":[{"taxonomy":"category","embeddable":true,"href":"http:\/\/elobservatorio.com.mx\/index.php?rest_route=%2Fwp%2Fv2%2Fcategories&post=24756"},{"taxonomy":"post_tag","embeddable":true,"href":"http:\/\/elobservatorio.com.mx\/index.php?rest_route=%2Fwp%2Fv2%2Ftags&post=24756"}],"curies":[{"name":"wp","href":"https:\/\/api.w.org\/{rel}","templated":true}]}}