{"id":24764,"date":"2022-10-29T12:22:24","date_gmt":"2022-10-29T17:22:24","guid":{"rendered":"http:\/\/elobservatorio.com.mx\/?p=24764"},"modified":"2022-10-29T12:22:24","modified_gmt":"2022-10-29T17:22:24","slug":"modernidad-y-cultura-se-unen-en-stand-del-ayuntamiento-de-colima","status":"publish","type":"post","link":"http:\/\/elobservatorio.com.mx\/?p=24764","title":{"rendered":"Modernidad y cultura se unen en stand del Ayuntamiento de Colima"},"content":{"rendered":"<div dir=\"ltr\"><em>*La presidenta Margarita Moreno, invita a las familias a que visiten el stand del municipio que se ha instalado en la Feria de Todos los Santos; habr\u00e1 muestras gastron\u00f3micas.<\/em><\/div>\n<div dir=\"ltr\"><\/div>\n<div dir=\"ltr\">La presidenta municipal de Colima, Margarita Moreno, hace una invitaci\u00f3n a las familias que asistir\u00e1n a la Feria de Todos los Santos 2022, \u00a0para que visiten el stand del Ayuntamiento de Colima, que se ha preparado con el inter\u00e9s de difundir los aspectos que dan identidad a la capital del Estado, donde la modernidad y la cultura se conjugado.<\/div>\n<div dir=\"ltr\"><\/div>\n<div dir=\"ltr\">El stand del municipio de Colima est\u00e1 orientado con trazos modernos, que permiten una interacci\u00f3n din\u00e1mica con las personas que lo visitan, evocando la modernidad del municipio, que converge con elementos que exponen la diversidad cultural y art\u00edstica, as\u00ed como la amplia oferta de servicios que forman parte de la vida cotidiana en la ciudad capital.<\/div>\n<div dir=\"ltr\"><\/div>\n<div dir=\"ltr\">Margarita Moreno se\u00f1al\u00f3 que al interior del stand hay elementos distintivos que hacen presencia de las tradiciones colimenses como la vestimenta guadalupana, el sombrero colimote de cuatro pedradas, adem\u00e1s de contar con la posibilidad de disfrutar muestras gastron\u00f3micas y productos regionales, gracias al apoyo de empresas locales.<\/div>\n<div dir=\"ltr\"><\/div>\n<div dir=\"ltr\">Resalt\u00f3 que se ha trabajado en crear un proyecto que pueda ser disfrutado por las familias que visitan la Feria de Colima, recibiendo informaci\u00f3n de la cultura, historia y tradici\u00f3n del municipio, que el pr\u00f3ximo a\u00f1o celebrar\u00e1 sus 500 a\u00f1os de fundaci\u00f3n, as\u00ed como las iniciativas que se han emprendido en el primer a\u00f1o de su administraci\u00f3n en la que, afirm\u00f3, d\u00eda con d\u00eda, se pone manos a la obra para tener un municipio m\u00e1s limpio, ordenado, pr\u00f3spero y, sobre todo, un Colima m\u00e1s humano.<\/div>\n","protected":false},"excerpt":{"rendered":"<p>*La presidenta Margarita Moreno, invita a las familias a que visiten el stand del municipio que se ha instalado en la Feria de Todos los Santos; habr\u00e1 muestras gastron\u00f3micas. La presidenta municipal de Colima, Margarita Moreno, hace una invitaci\u00f3n a las familias que asistir\u00e1n a la Feria de Todos los Santos 2022, \u00a0para que visiten&#8230;<\/p>\n","protected":false},"author":2,"featured_media":24765,"comment_status":"open","ping_status":"open","sticky":false,"template":"","format":"standard","meta":{"footnotes":""},"categories":[36,8],"tags":[29,30,28],"class_list":["post-24764","post","type-post","status-publish","format-standard","has-post-thumbnail","hentry","category-colima","category-municipios","tag-grid","tag-news","tag-slider"],"_links":{"self":[{"href":"http:\/\/elobservatorio.com.mx\/index.php?rest_route=\/wp\/v2\/posts\/24764"}],"collection":[{"href":"http:\/\/elobservatorio.com.mx\/index.php?rest_route=\/wp\/v2\/posts"}],"about":[{"href":"http:\/\/elobservatorio.com.mx\/index.php?rest_route=\/wp\/v2\/types\/post"}],"author":[{"embeddable":true,"href":"http:\/\/elobservatorio.com.mx\/index.php?rest_route=\/wp\/v2\/users\/2"}],"replies":[{"embeddable":true,"href":"http:\/\/elobservatorio.com.mx\/index.php?rest_route=%2Fwp%2Fv2%2Fcomments&post=24764"}],"version-history":[{"count":0,"href":"http:\/\/elobservatorio.com.mx\/index.php?rest_route=\/wp\/v2\/posts\/24764\/revisions"}],"wp:featuredmedia":[{"embeddable":true,"href":"http:\/\/elobservatorio.com.mx\/index.php?rest_route=\/wp\/v2\/media\/24765"}],"wp:attachment":[{"href":"http:\/\/elobservatorio.com.mx\/index.php?rest_route=%2Fwp%2Fv2%2Fmedia&parent=24764"}],"wp:term":[{"taxonomy":"category","embeddable":true,"href":"http:\/\/elobservatorio.com.mx\/index.php?rest_route=%2Fwp%2Fv2%2Fcategories&post=24764"},{"taxonomy":"post_tag","embeddable":true,"href":"http:\/\/elobservatorio.com.mx\/index.php?rest_route=%2Fwp%2Fv2%2Ftags&post=24764"}],"curies":[{"name":"wp","href":"https:\/\/api.w.org\/{rel}","templated":true}]}}