{"id":24771,"date":"2022-10-31T12:09:09","date_gmt":"2022-10-31T18:09:09","guid":{"rendered":"http:\/\/elobservatorio.com.mx\/?p=24771"},"modified":"2022-10-31T12:09:09","modified_gmt":"2022-10-31T18:09:09","slug":"hoy-ultimo-dia-para-aprovechar-incentivos-fiscales-en-colima","status":"publish","type":"post","link":"http:\/\/elobservatorio.com.mx\/?p=24771","title":{"rendered":"Hoy, \u00faltimo d\u00eda para aprovechar incentivos fiscales en Colima\u00a0"},"content":{"rendered":"<div dir=\"ltr\"><em>*Ayuntamiento de Colima invita a aprovechar estas bonificaciones y regularizarse\u00a0<\/em><\/div>\n<div dir=\"ltr\"><\/div>\n<div dir=\"ltr\">Este 31 de octubre es el \u00faltimo d\u00eda para que los contribuyentes aprovechen los incentivos fiscales, gestionados por la presidenta municipal Margarita Moreno, y se regularicen en el pago del impuesto predial, as\u00ed como otros adeudos por la falta d pago de derechos.<\/div>\n<div dir=\"ltr\"><\/div>\n<div dir=\"ltr\">El Ayuntamiento de Colima alert\u00f3 al contribuyente de que todav\u00eda est\u00e1 a tiempo para que goce de los descuentos en todas las multas y recargos del 2021 y a\u00f1os anteriores en el pago del impuesto predial.<\/div>\n<div dir=\"ltr\"><\/div>\n<div dir=\"ltr\">As\u00ed, el caso de los que s\u00f3lo deban 2022, tendr\u00e1n el descuento de multas y recargos de este a\u00f1o, por lo que este beneficio permite que se pague \u00fanica y exclusivamente el impuesto predial, sin que agreguen multas o recargos, beneficiando as\u00ed a las familias.<\/div>\n<div dir=\"ltr\"><\/div>\n<div dir=\"ltr\">El contribuyente puede acudir a regularizarse al Ayuntamiento de Colima, en horario de 8:30 a 19:30 horas; en Plaza San Fernando, de 11:00 a 16:00 horas; en Seguridad P\u00fablica 8:30 a 15:00 horas; Oficinas del Pante\u00f3n Municipal, de 8:30 a 14:30 horas.<\/div>\n<div dir=\"ltr\"><\/div>\n<div dir=\"ltr\">Para que se apliquen estos descuentos en multas y recargos, los contribuyentes deben ponerse al corriente en su pago del impuesto predial en una sola exhibici\u00f3n, por lo que se puede hacer en efectivo, tarjeta de cr\u00e9dito o d\u00e9bito, en los puntos antes mencionados.<\/div>\n<div dir=\"ltr\"><\/div>\n<div dir=\"ltr\">De igual forma se puede pagar en l\u00ednea, a trav\u00e9s de la p\u00e1gina\u00a0<a id=\"LPlnk881138\" href=\"http:\/\/www.colima.gob.mx\/\" target=\"_blank\" rel=\"noopener noreferrer\" data-auth=\"NotApplicable\" data-linkindex=\"0\">www.colima.gob.mx<\/a>, en la secci\u00f3n de pagos en l\u00ednea, donde se habilita la opci\u00f3n del predial y en cuya barra se escribe la clave catastral y el nombre del propietario, con lo cual se obtiene un link para pagar con tarjeta de cr\u00e9dito o d\u00e9bito.<\/div>\n<div dir=\"ltr\"><\/div>\n<div dir=\"ltr\">A trav\u00e9s de este mismo link tambi\u00e9n se descarga un estado de cuenta, el cual se podr\u00e1 pagar en bancos, as\u00ed como en las tiendas S\u00faper Kioskos.<\/div>\n<div dir=\"ltr\"><\/div>\n<div dir=\"ltr\">En el caso de locatarios de mercados, se le invita a que aprovechen la bonificaci\u00f3n del 100% de los recargos correspondientes a los a\u00f1os 2020 y 2021, as\u00ed como los intereses y accesorios generados por la falta de pago oportuno de dichos productos en el a\u00f1o fiscal 2021.<\/div>\n<div dir=\"ltr\"><\/div>\n<div dir=\"ltr\">A vendedores de v\u00eda y espacios p\u00fablicos tambi\u00e9n se les invita a que se regularicen, aprovechando la bonificaci\u00f3n del 100% correspondiente al pago los a\u00f1os 2020 y 2021, as\u00ed como los recargos y multas impuestas por la falta de pago oportuna de dicha contribuci\u00f3n en relaci\u00f3n con el a\u00f1o fiscal 2021.<\/div>\n<div dir=\"ltr\"><\/div>\n<div dir=\"ltr\">El Ayuntamiento de Colima tambi\u00e9n invit\u00f3 al contribuyente a regularizarse si tiene adeudos en el pago de derechos relacionados con el Pante\u00f3n Municipal de Colima, al aprovechar los incentivos fiscales que estar\u00e1n vigentes hasta el 31 de octubre.<\/div>\n<div dir=\"ltr\"><\/div>\n<div dir=\"ltr\">En este caso, al pagar los derechos correspondientes al mantenimiento de las \u00e1reas comunes relativos a los a\u00f1os 2021 y anteriores se aplicar\u00e1 un descuento del 100% en los recargos y multas impuestas por la falta del pago correspondiente a esos a\u00f1os.<\/div>\n","protected":false},"excerpt":{"rendered":"<p>*Ayuntamiento de Colima invita a aprovechar estas bonificaciones y regularizarse\u00a0 Este 31 de octubre es el \u00faltimo d\u00eda para que los contribuyentes aprovechen los incentivos fiscales, gestionados por la presidenta municipal Margarita Moreno, y se regularicen en el pago del impuesto predial, as\u00ed como otros adeudos por la falta d pago de derechos. El Ayuntamiento&#8230;<\/p>\n","protected":false},"author":2,"featured_media":24772,"comment_status":"open","ping_status":"open","sticky":false,"template":"","format":"standard","meta":{"footnotes":""},"categories":[36,8],"tags":[29,30,28],"class_list":["post-24771","post","type-post","status-publish","format-standard","has-post-thumbnail","hentry","category-colima","category-municipios","tag-grid","tag-news","tag-slider"],"_links":{"self":[{"href":"http:\/\/elobservatorio.com.mx\/index.php?rest_route=\/wp\/v2\/posts\/24771"}],"collection":[{"href":"http:\/\/elobservatorio.com.mx\/index.php?rest_route=\/wp\/v2\/posts"}],"about":[{"href":"http:\/\/elobservatorio.com.mx\/index.php?rest_route=\/wp\/v2\/types\/post"}],"author":[{"embeddable":true,"href":"http:\/\/elobservatorio.com.mx\/index.php?rest_route=\/wp\/v2\/users\/2"}],"replies":[{"embeddable":true,"href":"http:\/\/elobservatorio.com.mx\/index.php?rest_route=%2Fwp%2Fv2%2Fcomments&post=24771"}],"version-history":[{"count":0,"href":"http:\/\/elobservatorio.com.mx\/index.php?rest_route=\/wp\/v2\/posts\/24771\/revisions"}],"wp:featuredmedia":[{"embeddable":true,"href":"http:\/\/elobservatorio.com.mx\/index.php?rest_route=\/wp\/v2\/media\/24772"}],"wp:attachment":[{"href":"http:\/\/elobservatorio.com.mx\/index.php?rest_route=%2Fwp%2Fv2%2Fmedia&parent=24771"}],"wp:term":[{"taxonomy":"category","embeddable":true,"href":"http:\/\/elobservatorio.com.mx\/index.php?rest_route=%2Fwp%2Fv2%2Fcategories&post=24771"},{"taxonomy":"post_tag","embeddable":true,"href":"http:\/\/elobservatorio.com.mx\/index.php?rest_route=%2Fwp%2Fv2%2Ftags&post=24771"}],"curies":[{"name":"wp","href":"https:\/\/api.w.org\/{rel}","templated":true}]}}