{"id":24777,"date":"2022-10-31T14:09:53","date_gmt":"2022-10-31T20:09:53","guid":{"rendered":"http:\/\/elobservatorio.com.mx\/?p=24777"},"modified":"2022-10-31T14:09:53","modified_gmt":"2022-10-31T20:09:53","slug":"ayuntamiento-recibe-a-tripulacion-y-entrega-placa-al-crucero-seven-seas-mariner","status":"publish","type":"post","link":"http:\/\/elobservatorio.com.mx\/?p=24777","title":{"rendered":"Ayuntamiento recibe a tripulaci\u00f3n y entrega placa al Crucero Seven Seas Mariner"},"content":{"rendered":"<p>Este domingo 30 de octubre de 2022, el Ayuntamiento de Manzanillo y dem\u00e1s autoridades en el ramo tur\u00edstico, dieron la bienvenida al crucero Seven Seas Mariner, con quien se hizo un intercambio de placas a trav\u00e9s de un evento protocolario en la Terminal de cruceros en el centro de la ciudad.<\/p>\n<p>Este nav\u00edo de bandera caribe\u00f1a, lleg\u00f3 al puerto de Manzanillo con poco m\u00e1s de 1 mil 100 personas a bordo, entre pasajeros y tripulaci\u00f3n, procedente de Mazatl\u00e1n, Sinaloa.<\/p>\n<p>En la ceremonia protocolaria, la jefa de Coordinaci\u00f3n de Proyectos de la direcci\u00f3n de Turismo del Ayuntamiento de Manzanillo, Pen\u00e9lope Membrila Gonz\u00e1lez, fue quien hizo entrega de la placa correspondiente.<\/p>\n<p>En su estad\u00eda, por unas horas, en Manzanillo, los turistas y la tripulaci\u00f3n bajaron a conocer de cercal las bondades del centro de la ciudad, puntos tur\u00edsticos del municipio, otros puntos del estado y tambi\u00e9n pudieron visitar la Expo Artesanal Mundo Maya que est\u00e1 instalada en la Plaza Ju\u00e1rez.<\/p>\n<p>Cabe resaltar que para esta temporada de cruceros se espera el arribo de 9 cruceros m\u00e1s a Manzanillo lo que representa una importante derrama para la econom\u00eda local.<\/p>\n<p>&nbsp;<\/p>\n","protected":false},"excerpt":{"rendered":"<p>Este domingo 30 de octubre de 2022, el Ayuntamiento de Manzanillo y dem\u00e1s autoridades en el ramo tur\u00edstico, dieron la bienvenida al crucero Seven Seas Mariner, con quien se hizo un intercambio de placas a trav\u00e9s de un evento protocolario en la Terminal de cruceros en el centro de la ciudad. Este nav\u00edo de bandera&#8230;<\/p>\n","protected":false},"author":2,"featured_media":24778,"comment_status":"open","ping_status":"open","sticky":false,"template":"","format":"standard","meta":{"footnotes":""},"categories":[35,8],"tags":[29,30,28],"class_list":["post-24777","post","type-post","status-publish","format-standard","has-post-thumbnail","hentry","category-manzanillo","category-municipios","tag-grid","tag-news","tag-slider"],"_links":{"self":[{"href":"http:\/\/elobservatorio.com.mx\/index.php?rest_route=\/wp\/v2\/posts\/24777"}],"collection":[{"href":"http:\/\/elobservatorio.com.mx\/index.php?rest_route=\/wp\/v2\/posts"}],"about":[{"href":"http:\/\/elobservatorio.com.mx\/index.php?rest_route=\/wp\/v2\/types\/post"}],"author":[{"embeddable":true,"href":"http:\/\/elobservatorio.com.mx\/index.php?rest_route=\/wp\/v2\/users\/2"}],"replies":[{"embeddable":true,"href":"http:\/\/elobservatorio.com.mx\/index.php?rest_route=%2Fwp%2Fv2%2Fcomments&post=24777"}],"version-history":[{"count":0,"href":"http:\/\/elobservatorio.com.mx\/index.php?rest_route=\/wp\/v2\/posts\/24777\/revisions"}],"wp:featuredmedia":[{"embeddable":true,"href":"http:\/\/elobservatorio.com.mx\/index.php?rest_route=\/wp\/v2\/media\/24778"}],"wp:attachment":[{"href":"http:\/\/elobservatorio.com.mx\/index.php?rest_route=%2Fwp%2Fv2%2Fmedia&parent=24777"}],"wp:term":[{"taxonomy":"category","embeddable":true,"href":"http:\/\/elobservatorio.com.mx\/index.php?rest_route=%2Fwp%2Fv2%2Fcategories&post=24777"},{"taxonomy":"post_tag","embeddable":true,"href":"http:\/\/elobservatorio.com.mx\/index.php?rest_route=%2Fwp%2Fv2%2Ftags&post=24777"}],"curies":[{"name":"wp","href":"https:\/\/api.w.org\/{rel}","templated":true}]}}