{"id":2482,"date":"2019-02-18T23:05:27","date_gmt":"2019-02-18T23:05:27","guid":{"rendered":"http:\/\/elobservatorio.com.mx\/a-partir-de-este-miercoles-estara-en-tecoman-un-modulo-de-inscripcion-a-la-universidad-para-el-bienestar"},"modified":"2019-02-18T23:05:27","modified_gmt":"2019-02-18T23:05:27","slug":"a-partir-de-este-miercoles-estara-en-tecoman-un-modulo-de-inscripcion-a-la-universidad-para-el-bienestar","status":"publish","type":"post","link":"http:\/\/elobservatorio.com.mx\/?p=2482","title":{"rendered":"A partir de este miercoles estar\u00e1 en Tecom\u00e1n un m\u00f3dulo de inscripci\u00f3n a la Universidad para el Bienestar"},"content":{"rendered":"<p>Preocupado por la problem\u00e1tica que enfrentan los j\u00f3venes tecomenses el Presidente Municipal El\u00edas Antonio Lozano Ochoa, solicit\u00f3 a Julio Cesar Le\u00f3n Trujillo Delegado de la Regi\u00f3n 2 de Programas Federales, se estableciera un m\u00f3dulo de inscripci\u00f3n para atender a j\u00f3venes del municipio que ya hayan concluido su bachillerato para que tenga la opci\u00f3n de inscribirse en la Universidad para El Bienestar \u201cBenito Ju\u00e1rez Garc\u00eda\u201d.<\/p>\n<p>En este sentido Julio Cesar Le\u00f3n Trujillo inform\u00f3 que a partir de \u00e9ste mi\u00e9rcoles 20 de febrero, en la planta baja de la Presidencia Municipal estar\u00e1 dicho m\u00f3dulo de inscripci\u00f3n para la Universidad para El Bienestar \u201cBenito Ju\u00e1rez Garc\u00eda\u201d, que estar\u00e1 ubicada en el municipio de Armer\u00eda, pero que tendr\u00e1 capacidad para 380 alumnos, incluyendo j\u00f3venes de Tecom\u00e1n\u201d.<\/p>\n<p>El Delegado de la Regi\u00f3n 2 de los Programas Federales, acompa\u00f1ado del alcalde El\u00edas Lozano destac\u00f3 que se estar\u00e1 ofreciendo la carrera de Ing. En Acuacultura y Pisicultura y destac\u00f3 que el de Armer\u00eda es uno de los 100 planteles que se abrir\u00e1n en todo el pa\u00eds \u201cen donde todos los colimenses tienen la oportunidad de acudir a esta universidad que es gratuita y en donde todos los estudiantes que asistan tendr\u00e1n una beca de 2 mil 400 pesos mensuales para gastos personales, porque la Universidad les va a proveer de todas las herramientas que necesiten\u201d.<\/p>\n<p>Agreg\u00f3 que las inscripciones ya est\u00e1n abiertas y que el 25 de este mes se inicia con el curso proped\u00e9utico \u201cse le llama rescate de conocimientos en donde se le dar\u00e1 la inducci\u00f3n a los j\u00f3venes de lo que es la Ingenier\u00eda y en coordinaci\u00f3n con el Presidente Municipal, el Ayuntamiento estar\u00e1 apoyando con un m\u00f3dulo para darle la oportunidad al mayor n\u00famero posible de j\u00f3venes de la regi\u00f3n\u201d.<\/p>\n<p>Le\u00f3n Trujillo mencion\u00f3 que la Universidad Para el Bienestar estar\u00e1 ubicada en un predio que se encuentra junto al puente que est\u00e1 en la entrada de Armer\u00eda entre el puente que comunica con el Para\u00edso.<\/p>\n<p>Por su parte el Presidente Municipal El\u00edas Antonio Lozano Ochoa dijo que es importante que los j\u00f3venes de Tecom\u00e1n que tienen la preparatoria concluida aprovechen esta oportunidad de que estudien y se preparen, porque adem\u00e1s de que es gratuita tienen la oportunidad de contar con una beca en un plantel bien acondicionado, c\u00f3modo y con todo lo necesario para que puedan sacar adelante sus estudios<\/p>\n","protected":false},"excerpt":{"rendered":"<p>Preocupado por la problem\u00e1tica que enfrentan los j\u00f3venes tecomenses el Presidente Municipal El\u00edas Antonio Lozano Ochoa, solicit\u00f3 a Julio Cesar Le\u00f3n Trujillo Delegado de la Regi\u00f3n 2 de Programas Federales, se estableciera un m\u00f3dulo de inscripci\u00f3n para atender a j\u00f3venes del municipio que ya hayan concluido su bachillerato para que tenga la opci\u00f3n de inscribirse&#8230;<\/p>\n","protected":false},"author":2,"featured_media":2483,"comment_status":"open","ping_status":"open","sticky":false,"template":"","format":"standard","meta":{"footnotes":""},"categories":[8,34],"tags":[29,30,28],"class_list":["post-2482","post","type-post","status-publish","format-standard","has-post-thumbnail","hentry","category-municipios","category-tecoman","tag-grid","tag-news","tag-slider"],"_links":{"self":[{"href":"http:\/\/elobservatorio.com.mx\/index.php?rest_route=\/wp\/v2\/posts\/2482"}],"collection":[{"href":"http:\/\/elobservatorio.com.mx\/index.php?rest_route=\/wp\/v2\/posts"}],"about":[{"href":"http:\/\/elobservatorio.com.mx\/index.php?rest_route=\/wp\/v2\/types\/post"}],"author":[{"embeddable":true,"href":"http:\/\/elobservatorio.com.mx\/index.php?rest_route=\/wp\/v2\/users\/2"}],"replies":[{"embeddable":true,"href":"http:\/\/elobservatorio.com.mx\/index.php?rest_route=%2Fwp%2Fv2%2Fcomments&post=2482"}],"version-history":[{"count":0,"href":"http:\/\/elobservatorio.com.mx\/index.php?rest_route=\/wp\/v2\/posts\/2482\/revisions"}],"wp:featuredmedia":[{"embeddable":true,"href":"http:\/\/elobservatorio.com.mx\/index.php?rest_route=\/wp\/v2\/media\/2483"}],"wp:attachment":[{"href":"http:\/\/elobservatorio.com.mx\/index.php?rest_route=%2Fwp%2Fv2%2Fmedia&parent=2482"}],"wp:term":[{"taxonomy":"category","embeddable":true,"href":"http:\/\/elobservatorio.com.mx\/index.php?rest_route=%2Fwp%2Fv2%2Fcategories&post=2482"},{"taxonomy":"post_tag","embeddable":true,"href":"http:\/\/elobservatorio.com.mx\/index.php?rest_route=%2Fwp%2Fv2%2Ftags&post=2482"}],"curies":[{"name":"wp","href":"https:\/\/api.w.org\/{rel}","templated":true}]}}