{"id":24848,"date":"2022-11-07T21:28:35","date_gmt":"2022-11-08T03:28:35","guid":{"rendered":"http:\/\/elobservatorio.com.mx\/?p=24848"},"modified":"2022-11-07T21:28:35","modified_gmt":"2022-11-08T03:28:35","slug":"margarita-moreno-invita-a-propietarios-de-lotes-baldios-limpiar-sus-predios","status":"publish","type":"post","link":"http:\/\/elobservatorio.com.mx\/?p=24848","title":{"rendered":"Margarita Moreno invita a propietarios de lotes bald\u00edos limpiar sus predios"},"content":{"rendered":"<div>\n<div dir=\"ltr\"><em>*El Ayuntamiento de Colima notific\u00f3 a mil 230 propietarios de lotes bald\u00edos para que colaboren en el objetivo de tener un municipio m\u00e1s limpio y ordenado; tras ser notificados 8 de cada 10 responden de manera favorable<\/em>.<br aria-hidden=\"true\" \/><br aria-hidden=\"true\" \/>Al recordar que d\u00eda a d\u00eda se pone manos a la obra para \u00a0tener un municipio m\u00e1s limpio y ordenado, la presidenta municipal de Colima, Margarita Moreno, hizo una atenta invitaci\u00f3n a las y los propietarios de lotes bald\u00edos para que realicen la limpieza oportunidad de sus predios y as\u00ed reducir riesgos en materia de salud p\u00fablica y seguridad.<br aria-hidden=\"true\" \/><br aria-hidden=\"true\" \/>Inform\u00f3 que durante el mes de octubre la direcci\u00f3n general de Servicios P\u00fablicos, en su \u00e1rea de Lotes Bald\u00edos, hizo una notificaci\u00f3n a mil 230 propietarios, para que limpien sus predios y evitar una sanci\u00f3n por parte del Ayuntamiento de Colima, que puede ser hasta del 3 por ciento del valor catastral de la finca o lote bald\u00edo, m\u00e1s los gastos de limpieza cuando el Ayuntamiento interviene.<br aria-hidden=\"true\" \/><br aria-hidden=\"true\" \/>Pese a que la mayor\u00eda de propietarios responden de manera positiva las notificaciones para mantener limpios sus lotes bald\u00edos, la presidenta municipal de Colima, Margarita Moreno, pidi\u00f3 a las y los due\u00f1os mantener limpios estos espacios, \u00a0tras se\u00f1alar que tener una ciudad limpia es responsabilidad de todas y todos.<br aria-hidden=\"true\" \/><br aria-hidden=\"true\" \/>Margarita Moreno destac\u00f3 que este trabajo de notificaci\u00f3n ha dado buenos resultados, pues de los que recibieron la notificaci\u00f3n el 82 por ciento limpiaron su predio y respondieron de manera positiva a la notificaci\u00f3n.<br aria-hidden=\"true\" \/><br aria-hidden=\"true\" \/>Reconoci\u00f3 el trabajo del personal de esta \u00e1rea de la direcci\u00f3n de Servicios P\u00fablicos, ya que s\u00f3lo se han identificado mil 230 lotes bald\u00edos sucios de los m\u00e1s de 15 mil que existen en el municipio de Colima.<br aria-hidden=\"true\" \/><br aria-hidden=\"true\" \/>La presidenta municipal explic\u00f3 que como parte del Plan Municipal de Desarrollo se busca construir un Colima limpio y ordenado, siendo esta una meta para la que es necesaria la participaci\u00f3n y colaboraci\u00f3n de toda la sociedad.<\/div>\n<\/div>\n<div><\/div>\n","protected":false},"excerpt":{"rendered":"<p>*El Ayuntamiento de Colima notific\u00f3 a mil 230 propietarios de lotes bald\u00edos para que colaboren en el objetivo de tener un municipio m\u00e1s limpio y ordenado; tras ser notificados 8 de cada 10 responden de manera favorable.Al recordar que d\u00eda a d\u00eda se pone manos a la obra para \u00a0tener un municipio m\u00e1s limpio y&#8230;<\/p>\n","protected":false},"author":2,"featured_media":24849,"comment_status":"open","ping_status":"open","sticky":false,"template":"","format":"standard","meta":{"footnotes":""},"categories":[36,8],"tags":[29,30,28],"class_list":["post-24848","post","type-post","status-publish","format-standard","has-post-thumbnail","hentry","category-colima","category-municipios","tag-grid","tag-news","tag-slider"],"_links":{"self":[{"href":"http:\/\/elobservatorio.com.mx\/index.php?rest_route=\/wp\/v2\/posts\/24848"}],"collection":[{"href":"http:\/\/elobservatorio.com.mx\/index.php?rest_route=\/wp\/v2\/posts"}],"about":[{"href":"http:\/\/elobservatorio.com.mx\/index.php?rest_route=\/wp\/v2\/types\/post"}],"author":[{"embeddable":true,"href":"http:\/\/elobservatorio.com.mx\/index.php?rest_route=\/wp\/v2\/users\/2"}],"replies":[{"embeddable":true,"href":"http:\/\/elobservatorio.com.mx\/index.php?rest_route=%2Fwp%2Fv2%2Fcomments&post=24848"}],"version-history":[{"count":0,"href":"http:\/\/elobservatorio.com.mx\/index.php?rest_route=\/wp\/v2\/posts\/24848\/revisions"}],"wp:featuredmedia":[{"embeddable":true,"href":"http:\/\/elobservatorio.com.mx\/index.php?rest_route=\/wp\/v2\/media\/24849"}],"wp:attachment":[{"href":"http:\/\/elobservatorio.com.mx\/index.php?rest_route=%2Fwp%2Fv2%2Fmedia&parent=24848"}],"wp:term":[{"taxonomy":"category","embeddable":true,"href":"http:\/\/elobservatorio.com.mx\/index.php?rest_route=%2Fwp%2Fv2%2Fcategories&post=24848"},{"taxonomy":"post_tag","embeddable":true,"href":"http:\/\/elobservatorio.com.mx\/index.php?rest_route=%2Fwp%2Fv2%2Ftags&post=24848"}],"curies":[{"name":"wp","href":"https:\/\/api.w.org\/{rel}","templated":true}]}}