{"id":2488,"date":"2019-02-19T04:27:13","date_gmt":"2019-02-19T04:27:13","guid":{"rendered":"http:\/\/elobservatorio.com.mx\/visitan-al-rector-integrantes-del-comite-ejecutivo-central-del-sutuc"},"modified":"2019-02-19T04:27:13","modified_gmt":"2019-02-19T04:27:13","slug":"visitan-al-rector-integrantes-del-comite-ejecutivo-central-del-sutuc","status":"publish","type":"post","link":"http:\/\/elobservatorio.com.mx\/?p=2488","title":{"rendered":"Visitan al rector integrantes del comit\u00e9 ejecutivo central del SUTUC"},"content":{"rendered":"<p><em>*En el sindicato \u201cseguiremos trabajando con usted en unidad, con di\u00e1logos, construyendo acuerdos y en la mejor armon\u00eda posible, para continuar fortaleciendo nuestra universidad\u201d: Luis Enrique Zamorano.<\/em><\/p>\n<p>Para manifestarle su inter\u00e9s de seguir trabajando en unidad, en di\u00e1logo, armon\u00eda y construyendo acuerdos, as\u00ed como para desearle un buen a\u00f1o, los integrantes del Comit\u00e9 Ejecutivo Central del Sindicato \u00danico de Trabajadores de la Universidad de Colima (SUTUC), encabezados por Luis Enrique Zamorano Manr\u00edquez, visitaron este lunes al rector Jos\u00e9 Eduardo Hern\u00e1ndez Nava.<\/p>\n<p>Zamorano Manr\u00edquez dijo estar plenamente convencido de que \u201cnuestro trabajo contribuye al fortalecimiento de la instituci\u00f3n\u201d. Este 2019, agreg\u00f3, \u201csabemos que es un a\u00f1o de muchos retos, de cambios de paradigmas y cambios en la forma de trabajar; sin embargo queremos decirle que en el SUTUC esos cambios no nos asustan; al contrario, no estimulan a sacar lo mejor de nosotros mismos, convencidos de que en el trabajo en conjunto y en unidad podemos seguir contribuyendo a mejorar nuestra instituci\u00f3n\u201d.<\/p>\n<p>Adelant\u00f3 que en los pr\u00f3ximos meses trabajar\u00e1n en la propuesta de aumento salarial y en la revisi\u00f3n del contrato colectivo de trabajo; \u201csabemos que no es f\u00e1cil, pero estamos seguros de que har\u00e1 todo lo posible dentro de los m\u00e1rgenes financieros para que podamos negociar el mejor porcentaje en beneficio de los trabajadores\u201d.<\/p>\n<p>Al hablar del plan de austeridad que pronto dar\u00e1 a conocer la UdeC, el secretario general del SUTUC dijo que, como sindicato \u201cno somos ajenos a la instituci\u00f3n, por lo tanto, estamos conscientes de que tambi\u00e9n nosotros debemos colaborar y estamos en toda la voluntad de hacerlo\u201d.<\/p>\n<p>Por \u00faltimo, Zamorano Manr\u00edquez manifest\u00f3 que los integrantes del sindicato \u201cseguiremos trabajando con usted en unidad, con di\u00e1logos, construyendo acuerdos y en la mejor armon\u00eda posible, para continuar fortaleciendo nuestra universidad\u201d.<\/p>\n<p>En su intervenci\u00f3n, el rector Hern\u00e1ndez Nava agradeci\u00f3 el respaldo y la unidad en torno al proyecto com\u00fan de educaci\u00f3n con responsabilidad social; \u201cesta visita refrenda su lealtad con la instituci\u00f3n y con el rector como l\u00edder nato de la universidad; m\u00e1s a\u00fan, su presencia aqu\u00ed, en las circunstancias en que nos encontramos, es todav\u00eda m\u00e1s significativa\u201d.<\/p>\n<p>El SUTUC, agreg\u00f3, \u201ces el activo m\u00e1s fuerte y firme en la defensa de la autonom\u00eda universitaria; es la fuerza que pone en marcha a la Universidad en todas las aulas y espacios de las facultades y dependencias\u201d. Por esa raz\u00f3n, enfatiz\u00f3 el rector, \u201ces que he venido fomentando con todos los delegados y directores, el respeto al sindicato y a su autonom\u00eda\u201d.<\/p>\n<p>Coment\u00f3 la iniciativa presentada por el presidente L\u00f3pez Obrador para reformar los art\u00edculos 3ero, 31 y 73 de la Constituci\u00f3n, para hacer efectivo el derecho a la educaci\u00f3n de todos los mexicanos, algo\u00a0que, dijo, es preocupaci\u00f3n de las universidades p\u00fablicas, como la de Colima, \u201cque ha establecido un fuerte compromiso social y para la cual el aprendizaje de los j\u00f3venes universitarios constituye el centro de nuestro proyecto\u201d.<\/p>\n<p>Dicha iniciativa, agreg\u00f3 Hern\u00e1ndez Nava, aspira a que la educaci\u00f3n se caracterice por ser universal y gratuita, democr\u00e1tica y equitativa respecto al g\u00e9nero. La obligatoriedad de la educaci\u00f3n superior, enfatiz\u00f3, \u201cno es de los j\u00f3venes ni de sus familias; se relaciona m\u00e1s bien con mantener abiertos los espacios y brindar recursos educativos para que los j\u00f3venes puedan acceder a este tipo de educaci\u00f3n\u201d.<\/p>\n<p>A\u00f1adi\u00f3 que en estos momentos \u201cenfrentamos una serie de retos in\u00e9ditos; vivimos un cambio de r\u00e9gimen que nos exige estar atentos al acontecer del pa\u00eds; sin embrago, estoy convencido de que sabremos salir adelante como lo hemos hecho siempre, con el trabajo en unidad\u201d.<\/p>\n<p>Por ello, dijo, \u201cpido su confianza. En caso de dudas siempre estaremos atentos para escucharlos, siempre estaremos en comunicaci\u00f3n permanente y constante, as\u00ed lo hemos manifestado el secretario general del sindicato y yo; lo importante es que no se confundan y no hagan caso de arengas ni diatribas\u201d.<\/p>\n<p>Antes de concluir su mensaje, Hern\u00e1ndez Nava inform\u00f3 que ya se ha concluido con el plan de austeridad de la Universidad, el cual establece los lineamientos espec\u00edficos para ser m\u00e1s eficientes en el consumo de los recursos, por lo que solicit\u00f3 a los miembros del comit\u00e9 del SUTUC ayuden a difundir con la mayor amplitud posible este plan.<\/p>\n<p>\u201cDesde el inicio de mi rectorado \u2013record\u00f3\u2013 hablamos de ser m\u00e1s eficientes en el uso de los recursos que nos confiere la sociedad, por lo que hoy reforzamos esto en el plan de austeridad, que daremos a conocer en todos los campus, a todos los directivos y a la comunidad universitaria\u201d.<\/p>\n<p>A los integrantes del Comit\u00e9 del SUTUC, el rector les dijo: \u201cconf\u00edo en que sabr\u00e1n acompa\u00f1arnos en esta ruta, por lo que de antemano agradezco su lealtad, paciencia y comprensi\u00f3n. Seguro estoy de que, como en otras ocasiones, su apoyo ser\u00e1 indispensable para cumplir con estos requerimientos del gobierno federal\u201d.<\/p>\n<p>Acompa\u00f1aron al rector: el director general de Recursos Humanos, Celso Armando \u00c1valos; el secretario t\u00e9cnico de Rector\u00eda, Jos\u00e9 Luis Ram\u00edrez y la secretaria particular del rector, Margarita Gonz\u00e1lez.<\/p>\n<p>&nbsp;<\/p>\n<p>&nbsp;<\/p>\n","protected":false},"excerpt":{"rendered":"<p>*En el sindicato \u201cseguiremos trabajando con usted en unidad, con di\u00e1logos, construyendo acuerdos y en la mejor armon\u00eda posible, para continuar fortaleciendo nuestra universidad\u201d: Luis Enrique Zamorano. Para manifestarle su inter\u00e9s de seguir trabajando en unidad, en di\u00e1logo, armon\u00eda y construyendo acuerdos, as\u00ed como para desearle un buen a\u00f1o, los integrantes del Comit\u00e9 Ejecutivo Central&#8230;<\/p>\n","protected":false},"author":2,"featured_media":2489,"comment_status":"open","ping_status":"open","sticky":false,"template":"","format":"standard","meta":{"footnotes":""},"categories":[14],"tags":[29,30,28],"class_list":["post-2488","post","type-post","status-publish","format-standard","has-post-thumbnail","hentry","category-educacion-y-cultura","tag-grid","tag-news","tag-slider"],"_links":{"self":[{"href":"http:\/\/elobservatorio.com.mx\/index.php?rest_route=\/wp\/v2\/posts\/2488"}],"collection":[{"href":"http:\/\/elobservatorio.com.mx\/index.php?rest_route=\/wp\/v2\/posts"}],"about":[{"href":"http:\/\/elobservatorio.com.mx\/index.php?rest_route=\/wp\/v2\/types\/post"}],"author":[{"embeddable":true,"href":"http:\/\/elobservatorio.com.mx\/index.php?rest_route=\/wp\/v2\/users\/2"}],"replies":[{"embeddable":true,"href":"http:\/\/elobservatorio.com.mx\/index.php?rest_route=%2Fwp%2Fv2%2Fcomments&post=2488"}],"version-history":[{"count":0,"href":"http:\/\/elobservatorio.com.mx\/index.php?rest_route=\/wp\/v2\/posts\/2488\/revisions"}],"wp:featuredmedia":[{"embeddable":true,"href":"http:\/\/elobservatorio.com.mx\/index.php?rest_route=\/wp\/v2\/media\/2489"}],"wp:attachment":[{"href":"http:\/\/elobservatorio.com.mx\/index.php?rest_route=%2Fwp%2Fv2%2Fmedia&parent=2488"}],"wp:term":[{"taxonomy":"category","embeddable":true,"href":"http:\/\/elobservatorio.com.mx\/index.php?rest_route=%2Fwp%2Fv2%2Fcategories&post=2488"},{"taxonomy":"post_tag","embeddable":true,"href":"http:\/\/elobservatorio.com.mx\/index.php?rest_route=%2Fwp%2Fv2%2Ftags&post=2488"}],"curies":[{"name":"wp","href":"https:\/\/api.w.org\/{rel}","templated":true}]}}