{"id":24936,"date":"2022-11-09T14:49:21","date_gmt":"2022-11-09T20:49:21","guid":{"rendered":"http:\/\/elobservatorio.com.mx\/?p=24936"},"modified":"2022-11-09T14:49:21","modified_gmt":"2022-11-09T20:49:21","slug":"entrego-tey-gutierrez-124-luminarias-en-real-del-seis-y-en-villa-carlo","status":"publish","type":"post","link":"http:\/\/elobservatorio.com.mx\/?p=24936","title":{"rendered":"Entreg\u00f3 Tey Guti\u00e9rrez 124 luminarias en Real del Seis y en Villa Carlo"},"content":{"rendered":"<p class=\"x_gmail-MsoNoSpacing\"><em>*Beneficia obra a mil 300 habitantes de ambas colonias<\/em><\/p>\n<p class=\"x_gmail-MsoNoSpacing\"><b>\u00a0<\/b><b>Villa de \u00c1lvarez, Col.-<\/b>\u00a0En beneficio de mil 300 habitantes de las colonias Real del Seis y Villa Carlo, la Presidenta Municipal de Villa de \u00c1lvarez Tey Guti\u00e9rrez Andrade, entreg\u00f3 124 luminarias de luz led de \u00faltima generaci\u00f3n, que forman parte de la obra para rehabilitar la red de alumbrado p\u00fablico realizada en 71 colonias.<\/p>\n<p class=\"x_gmail-MsoNoSpacing\">En Real del Seis, la Alcaldesa se\u00f1al\u00f3 que el municipio tiene la necesidad de cambiar casi 7 mil l\u00e1mparas; sin embargo, el programa en el primer a\u00f1o de la administraci\u00f3n no alcanz\u00f3 para adquirir la totalidad de luminarias requeridas, por lo que est\u00e1n siendo colocadas 2 mil 500 nuevas de tecnolog\u00eda led en las zonas norte, centro y sur de la Ciudad.<\/p>\n<p class=\"x_gmail-MsoNoSpacing\">\u201cEsta adquisici\u00f3n es hist\u00f3rica, nunca antes ninguna administraci\u00f3n de Villa de \u00c1lvarez hab\u00eda adquirido tantas luminarias en un solo a\u00f1o. Para 2023 comparemos m\u00e1s luminarias, que ser\u00e1 por la misma cantidad o quiz\u00e1s mayor, pues en el tema de la seguridad el alumbrado p\u00fablico resulta indispensable\u201d, inform\u00f3 Guti\u00e9rrez Andrade.<\/p>\n<p class=\"x_gmail-MsoNoSpacing\">Tania M\u00e1rquez, Presidenta del Comit\u00e9 de Barrio de Real del Seis, agradeci\u00f3 a la administraci\u00f3n municipal la obra de rehabilitaci\u00f3n de la red de alumbrado p\u00fablico, pues durante ocho a\u00f1os, vecinas y vecinos acudieron a la Presidencia Municipal a solicitar la reparaci\u00f3n de luminarias \u201cy hasta ahora obtuvimos respuesta positiva\u201d.<\/p>\n<p class=\"x_gmail-MsoNoSpacing\">En Villa Carlo, el Secretario del Ayuntamiento Alfredo Ch\u00e1vez, expuso que la decisi\u00f3n de priorizar la atenci\u00f3n de la rehabilitaci\u00f3n del alumbrado p\u00fablico no se debi\u00f3 a una ocurrencia del Gobierno Municipal, sino a la atenci\u00f3n a la principal demanda ciudadana, que en los planes de trabajo de los Comit\u00e9s de Barrio se vio reflejada.<\/p>\n<p class=\"x_gmail-MsoNoSpacing\">Tanto en Real del Seis, donde se colocaron 98 luminarias que benefician a sus mil habitantes, y en Villa Carlo, donde las 26 l\u00e1mparas\u00a0 de luz led instaladas sirven a sus 300 pobladores, se realiz\u00f3 la entrega-recepci\u00f3n de la obra, firmada por\u00a0 las autoridades municipales, los integrantes de los Comit\u00e9s de Barrio y de los Comit\u00e9s de Contralor\u00eda Social.<\/p>\n<p class=\"x_gmail-MsoNoSpacing\">La rehabilitaci\u00f3n de la red de alumbrado en ambas colonias forma parte de la obra en las colonias de la zona centro de la Ciudad de Villa de \u00c1lvarez, que en sus 14 asentamientos quedar\u00e1n\u00a0 instaladas 701 luminarias de tecnolog\u00eda led, ejecutada con recursos del Fondo de Aportaciones para la Infraestructura Social Municipal y de las Demarcaciones Territoriales del DF, que en esta zona del municipio tuvo una inversi\u00f3n de 3 millones 886 mil 463 pesos.<\/p>\n","protected":false},"excerpt":{"rendered":"<p>*Beneficia obra a mil 300 habitantes de ambas colonias \u00a0Villa de \u00c1lvarez, Col.-\u00a0En beneficio de mil 300 habitantes de las colonias Real del Seis y Villa Carlo, la Presidenta Municipal de Villa de \u00c1lvarez Tey Guti\u00e9rrez Andrade, entreg\u00f3 124 luminarias de luz led de \u00faltima generaci\u00f3n, que forman parte de la obra para rehabilitar la&#8230;<\/p>\n","protected":false},"author":2,"featured_media":24937,"comment_status":"open","ping_status":"open","sticky":false,"template":"","format":"standard","meta":{"footnotes":""},"categories":[8,42],"tags":[29,30,28],"class_list":["post-24936","post","type-post","status-publish","format-standard","has-post-thumbnail","hentry","category-municipios","category-villa-de-alvarez","tag-grid","tag-news","tag-slider"],"_links":{"self":[{"href":"http:\/\/elobservatorio.com.mx\/index.php?rest_route=\/wp\/v2\/posts\/24936"}],"collection":[{"href":"http:\/\/elobservatorio.com.mx\/index.php?rest_route=\/wp\/v2\/posts"}],"about":[{"href":"http:\/\/elobservatorio.com.mx\/index.php?rest_route=\/wp\/v2\/types\/post"}],"author":[{"embeddable":true,"href":"http:\/\/elobservatorio.com.mx\/index.php?rest_route=\/wp\/v2\/users\/2"}],"replies":[{"embeddable":true,"href":"http:\/\/elobservatorio.com.mx\/index.php?rest_route=%2Fwp%2Fv2%2Fcomments&post=24936"}],"version-history":[{"count":0,"href":"http:\/\/elobservatorio.com.mx\/index.php?rest_route=\/wp\/v2\/posts\/24936\/revisions"}],"wp:featuredmedia":[{"embeddable":true,"href":"http:\/\/elobservatorio.com.mx\/index.php?rest_route=\/wp\/v2\/media\/24937"}],"wp:attachment":[{"href":"http:\/\/elobservatorio.com.mx\/index.php?rest_route=%2Fwp%2Fv2%2Fmedia&parent=24936"}],"wp:term":[{"taxonomy":"category","embeddable":true,"href":"http:\/\/elobservatorio.com.mx\/index.php?rest_route=%2Fwp%2Fv2%2Fcategories&post=24936"},{"taxonomy":"post_tag","embeddable":true,"href":"http:\/\/elobservatorio.com.mx\/index.php?rest_route=%2Fwp%2Fv2%2Ftags&post=24936"}],"curies":[{"name":"wp","href":"https:\/\/api.w.org\/{rel}","templated":true}]}}