{"id":24966,"date":"2022-11-09T23:02:03","date_gmt":"2022-11-10T05:02:03","guid":{"rendered":"http:\/\/elobservatorio.com.mx\/?p=24966"},"modified":"2022-11-09T23:02:03","modified_gmt":"2022-11-10T05:02:03","slug":"avanza-udec-en-desarrollo-digital-aplicado-a-la-educacion","status":"publish","type":"post","link":"http:\/\/elobservatorio.com.mx\/?p=24966","title":{"rendered":"Avanza UdeC en desarrollo digital aplicado a la educaci\u00f3n"},"content":{"rendered":"<p><em>*Juan Jos\u00e9 Contreras dio a conocer los logros en materia de Tecnolog\u00edas de Informaci\u00f3n.<\/em><\/p>\n<p>Durante la segunda de dos jornadas de rendici\u00f3n de cuentas por parte de las coordinaciones y delegaciones universitarias, el Dr. Juan Jos\u00e9 Contreras Castillo, coordinador general de Tecnolog\u00edas de Informaci\u00f3n de la Universidad de Colima, destac\u00f3 en su informe de labores que este a\u00f1o, para que la instituci\u00f3n no detuviera su marcha debido a la pandemia y a problemas como la inseguridad y el sismo, apoy\u00f3 con recursos virtuales a los planteles y sobre todo ha realizado una amplia capacitaci\u00f3n a las los docentes para que puedan aplicar con \u00e9xito las tecnolog\u00edas de informaci\u00f3n y comunicaci\u00f3n en el dise\u00f1o, planeaci\u00f3n y seguimiento de sus clases y actividades de docencia en l\u00ednea.<\/p>\n<p>En su informe, destac\u00f3 la colaboraci\u00f3n con las facultades de Telem\u00e1tica y de Contabilidad y Administraci\u00f3n de Tecom\u00e1n, para la creaci\u00f3n del plan de estudios de la Maestr\u00eda en Transformaci\u00f3n Digital, que se imparte en l\u00ednea y es el primer programa en la Universidad en esta modalidad.<\/p>\n<p>Tambi\u00e9n dijo que realizaron el Diplomado de Agentes TIC, en su cuarta edici\u00f3n, en el que participaron 60 docentes y del que han egresado 308 personas: \u201cEn esta edici\u00f3n -detall\u00f3- se resolvieron 157 retos tecno-educativos, se entregaron m\u00e1s de 900 actividades, se desarrollaron 60 videos, 60 recursos educativos y m\u00e1s de 120 pr\u00e1cticas educativas con mediaci\u00f3n tecnol\u00f3gica; a lo largo de 13 foros, adem\u00e1s, se compartieron reflexiones entre pares, desde una noci\u00f3n cr\u00edtica, proactiva e integral.<\/p>\n<p>De igual modo, mantuvieron en operaci\u00f3n la infraestructura de telecomunicaciones para brindar los servicios adecuados a las necesidades de la UdeC, as\u00ed como el licenciamiento institucional de Microsoft y Adobe, para continuar con la seguridad de usar softwares de manera legal.<\/p>\n<p>Tambi\u00e9n se ampli\u00f3 la capacidad de los enlaces a internet en Tecom\u00e1n y Manzanillo para fortalecer los consumos de este servicio; aumentaron los bachilleratos incorporados a la red universitaria para mejorar su interconexi\u00f3n a los servicios, renovaron el portal web de la Universidad; actualizaron a la comunidad universitaria en competencias digitales, impulsaron las buenas pr\u00e1cticas educativas digitales e implementaron el Programa Tecno p\u00edldoras \u2013 bits de conocimiento, entre otras muchas actividades de las direcciones generales que integran esta coordinaci\u00f3n.<\/p>\n<p>Los retos, dijo para finalizar, son vencer la inercia que pueda frenar la transici\u00f3n de la UdeC hacia una universidad digital, vencer el debilitamiento cr\u00f3nico de la infraestructura tecnol\u00f3gica y la insuficiencia en el acceso a internet en las aulas; la institucionalizaci\u00f3n del marco de competencias digitales universitarias como base para la certificaci\u00f3n de saberes y la integraci\u00f3n curricular e incursi\u00f3n en la micro credencializaci\u00f3n, entre otros.<\/p>\n","protected":false},"excerpt":{"rendered":"<p>*Juan Jos\u00e9 Contreras dio a conocer los logros en materia de Tecnolog\u00edas de Informaci\u00f3n. Durante la segunda de dos jornadas de rendici\u00f3n de cuentas por parte de las coordinaciones y delegaciones universitarias, el Dr. Juan Jos\u00e9 Contreras Castillo, coordinador general de Tecnolog\u00edas de Informaci\u00f3n de la Universidad de Colima, destac\u00f3 en su informe de labores&#8230;<\/p>\n","protected":false},"author":2,"featured_media":24967,"comment_status":"open","ping_status":"open","sticky":false,"template":"","format":"standard","meta":{"footnotes":""},"categories":[14],"tags":[29,30,28],"class_list":["post-24966","post","type-post","status-publish","format-standard","has-post-thumbnail","hentry","category-educacion-y-cultura","tag-grid","tag-news","tag-slider"],"_links":{"self":[{"href":"http:\/\/elobservatorio.com.mx\/index.php?rest_route=\/wp\/v2\/posts\/24966"}],"collection":[{"href":"http:\/\/elobservatorio.com.mx\/index.php?rest_route=\/wp\/v2\/posts"}],"about":[{"href":"http:\/\/elobservatorio.com.mx\/index.php?rest_route=\/wp\/v2\/types\/post"}],"author":[{"embeddable":true,"href":"http:\/\/elobservatorio.com.mx\/index.php?rest_route=\/wp\/v2\/users\/2"}],"replies":[{"embeddable":true,"href":"http:\/\/elobservatorio.com.mx\/index.php?rest_route=%2Fwp%2Fv2%2Fcomments&post=24966"}],"version-history":[{"count":0,"href":"http:\/\/elobservatorio.com.mx\/index.php?rest_route=\/wp\/v2\/posts\/24966\/revisions"}],"wp:featuredmedia":[{"embeddable":true,"href":"http:\/\/elobservatorio.com.mx\/index.php?rest_route=\/wp\/v2\/media\/24967"}],"wp:attachment":[{"href":"http:\/\/elobservatorio.com.mx\/index.php?rest_route=%2Fwp%2Fv2%2Fmedia&parent=24966"}],"wp:term":[{"taxonomy":"category","embeddable":true,"href":"http:\/\/elobservatorio.com.mx\/index.php?rest_route=%2Fwp%2Fv2%2Fcategories&post=24966"},{"taxonomy":"post_tag","embeddable":true,"href":"http:\/\/elobservatorio.com.mx\/index.php?rest_route=%2Fwp%2Fv2%2Ftags&post=24966"}],"curies":[{"name":"wp","href":"https:\/\/api.w.org\/{rel}","templated":true}]}}