{"id":24969,"date":"2022-11-09T23:17:31","date_gmt":"2022-11-10T05:17:31","guid":{"rendered":"http:\/\/elobservatorio.com.mx\/?p=24969"},"modified":"2022-11-09T23:17:31","modified_gmt":"2022-11-10T05:17:31","slug":"ayuntamiento-promueve-en-ninos-de-zona-rural-el-gusto-por-la-lectura","status":"publish","type":"post","link":"http:\/\/elobservatorio.com.mx\/?p=24969","title":{"rendered":"Ayuntamiento promueve en  ni\u00f1os de zona rural, el gusto por la lectura"},"content":{"rendered":"<p><em>*Se realizan actividades culturales y recreativas en las zonas m\u00e1s apartadas del municipio.<\/em><\/p>\n<p>Por instrucciones de la presidenta Griselda Mart\u00ednez, es una prioridad fomentar la cultura y el arte entre la ni\u00f1ez manzanillense, es por ello que en los programas que el gobierno municipal implementa toc\u00f3 el turno a la zona rural, donde se acercaron diversas actividades con ni\u00f1as y ni\u00f1os de la comunidad de Cedros con el objetivo de despertarles el gusto por la lectura como parte de un desarrollo integral.<\/p>\n<p>Estas actividades, realizadas por la direcci\u00f3n de Desarrollo Humano que llev\u00f3 para ni\u00f1os y ni\u00f1as actividades culturales y recreativas tienen como objetivo, contribuir a una formaci\u00f3n integral y fomentar el gusto por la lectura a trav\u00e9s de actividades formativas en las comunidades rurales m\u00e1s apartadas de Manzanillo, con ello se busca reducir la desigualdad cultural con actividades de sano esparcimiento.<\/p>\n<p>En un primer momento, se les expuso la historia de Pedro P\u00e1ramo, novela del escritor Juan Rulfo, de lo cual participaron en un concurso donde los ganadores recibieron libros con textos literarios para incentivar su h\u00e1bito por la lectura.<\/p>\n<p>En esta jornada tambi\u00e9n hicieron \u201cCalaveritas Literarias\u201d, con las cuales aprendieron a hacer rimas con esa t\u00e9cnica de escritura creativa y adem\u00e1s ilustraron sus textos con dibujos alusivos al tradicional D\u00eda de muertos.<\/p>\n<p>Para finalizar esta intervenci\u00f3n educativa, las ni\u00f1as, ni\u00f1os y adultos, presenciaron la proyecci\u00f3n de la pel\u00edcula \u201cEl Extra\u00f1o Mundo de Jack\u201d, filme en stop Motion, del cineasta Tim Burton.<\/p>\n","protected":false},"excerpt":{"rendered":"<p>*Se realizan actividades culturales y recreativas en las zonas m\u00e1s apartadas del municipio. Por instrucciones de la presidenta Griselda Mart\u00ednez, es una prioridad fomentar la cultura y el arte entre la ni\u00f1ez manzanillense, es por ello que en los programas que el gobierno municipal implementa toc\u00f3 el turno a la zona rural, donde se acercaron&#8230;<\/p>\n","protected":false},"author":2,"featured_media":24970,"comment_status":"open","ping_status":"open","sticky":false,"template":"","format":"standard","meta":{"footnotes":""},"categories":[35,8],"tags":[29,30,28],"class_list":["post-24969","post","type-post","status-publish","format-standard","has-post-thumbnail","hentry","category-manzanillo","category-municipios","tag-grid","tag-news","tag-slider"],"_links":{"self":[{"href":"http:\/\/elobservatorio.com.mx\/index.php?rest_route=\/wp\/v2\/posts\/24969"}],"collection":[{"href":"http:\/\/elobservatorio.com.mx\/index.php?rest_route=\/wp\/v2\/posts"}],"about":[{"href":"http:\/\/elobservatorio.com.mx\/index.php?rest_route=\/wp\/v2\/types\/post"}],"author":[{"embeddable":true,"href":"http:\/\/elobservatorio.com.mx\/index.php?rest_route=\/wp\/v2\/users\/2"}],"replies":[{"embeddable":true,"href":"http:\/\/elobservatorio.com.mx\/index.php?rest_route=%2Fwp%2Fv2%2Fcomments&post=24969"}],"version-history":[{"count":0,"href":"http:\/\/elobservatorio.com.mx\/index.php?rest_route=\/wp\/v2\/posts\/24969\/revisions"}],"wp:featuredmedia":[{"embeddable":true,"href":"http:\/\/elobservatorio.com.mx\/index.php?rest_route=\/wp\/v2\/media\/24970"}],"wp:attachment":[{"href":"http:\/\/elobservatorio.com.mx\/index.php?rest_route=%2Fwp%2Fv2%2Fmedia&parent=24969"}],"wp:term":[{"taxonomy":"category","embeddable":true,"href":"http:\/\/elobservatorio.com.mx\/index.php?rest_route=%2Fwp%2Fv2%2Fcategories&post=24969"},{"taxonomy":"post_tag","embeddable":true,"href":"http:\/\/elobservatorio.com.mx\/index.php?rest_route=%2Fwp%2Fv2%2Ftags&post=24969"}],"curies":[{"name":"wp","href":"https:\/\/api.w.org\/{rel}","templated":true}]}}