{"id":24973,"date":"2022-11-15T13:16:53","date_gmt":"2022-11-15T19:16:53","guid":{"rendered":"http:\/\/elobservatorio.com.mx\/?p=24973"},"modified":"2022-11-15T13:16:53","modified_gmt":"2022-11-15T19:16:53","slug":"inicia-la-exponeuro-2022-para-divulgar-los-avances-de-la-neurociencias-y-la-psicologia","status":"publish","type":"post","link":"http:\/\/elobservatorio.com.mx\/?p=24973","title":{"rendered":"Inicia la ExpoNeuro 2022, para divulgar los avances de la neurociencias y la psicolog\u00eda"},"content":{"rendered":"<p>*\u201cEste evento responde a las tareas institucionales de difusi\u00f3n del conocimiento, la promoci\u00f3n de la vocaci\u00f3n cient\u00edfica y la generaci\u00f3n de alianzas en beneficio de nuestra comunidad\u201d: Christian Torres Ortiz.<\/p>\n<p>Con el prop\u00f3sito de difundir entre la sociedad los avances de la psicolog\u00eda y las neurociencias en el estudio del comportamiento humano, este lunes iniciaron las actividades de la ExpoNeuro 2022,\u201cAportaciones de las Neurociencias y la Psicolog\u00eda a la vida cotidiana\u201d, un evento organizado por la Universidad de Colima a trav\u00e9s de su Facultad de Psicolog\u00eda y por la UNIVA, abierto a todo p\u00fablico y que ofrece al p\u00fablico interesado en el tema conferencias, exposiciones tipo cartel, talleres y eventos art\u00edsticos.<\/p>\n<p>La inauguraci\u00f3n estuvo a cargo del rector Christian Jorge Torres Ortiz Zerme\u00f1o, quien dijo que este evento \u201cresponde a las tareas institucionales de difusi\u00f3n del conocimiento, la promoci\u00f3n de la vocaci\u00f3n cient\u00edfica y la generaci\u00f3n de alianzas en beneficio de nuestra comunidad, sobre todo en un tema tan relevante para la salud mental y nuestra comprensi\u00f3n del ser humano, como las neurociencias\u201d.<\/p>\n<p>Coment\u00f3 que son ya diez a\u00f1os ininterrumpidos en los que la Facultad de Psicolog\u00eda realiza este proyecto \u201cy ahora con la participaci\u00f3n de la UNIVA se han ampliado los espacios de difusi\u00f3n para que un mayor n\u00famero de personas acceda al conocimiento y logre, gracias a la ciencia, explicarse y atender diversos comportamientos que pueden afectarles\u201d.<\/p>\n<p>Destac\u00f3 que la ExpoNeuro dedica buena parte de su tiempo a las actividades de las y los estudiantes, \u201cal ofrecerles opciones para que consoliden su pensamiento cr\u00edtico o despierten su vocaci\u00f3n hacia el trabajo cient\u00edfico en esta \u00e1rea, lo que les permitir\u00e1 adquirir mejores herramientas para desarrollarse en lo personal y profesional\u201d.<\/p>\n<p>Finalmente invit\u00f3 a los j\u00f3venes \u201ca participar, cuestionar y verificar la incidencia que tienen la investigaci\u00f3n y la ciencia en el bienestar colectivo\u201d y reconoci\u00f3 a quienes impartir\u00e1n conferencias, \u201cpor su colaboraci\u00f3n para poner el conocimiento al servicio de la sociedad abordando temas vigentes; esto habla de la pertinencia de la investigaci\u00f3n realizada en las instituciones educativas\u201d.<\/p>\n<p>Al dar la bienvenida, Nancy Elizabeth Molina Rodr\u00edguez, directora de la Facultad de Psicolog\u00eda, coment\u00f3 que \u201cel estudio de las neurociencias dedicado a la investigaci\u00f3n del funcionamiento cerebral, desde un enfoque multidisciplinario y desde la psicolog\u00eda, resulta fundamental para conocer la actividad cerebral y comprender procesos mentales complejos como la personalidad, la inteligencia, el lenguaje y las emociones entre otros muchos aspectos abordados desde esta disciplina\u201d.<\/p>\n<p>2 \/ 8<br \/>\nDijo que los datos que arrojan los estudios de la neurociencias confirman que \u201ccualquier interpretaci\u00f3n de la realidad y del yo ocurre en el cerebro; por ello, la psicolog\u00eda actual busca cada vez m\u00e1s puntos de encuentro de la relaci\u00f3n que establecen la mente y el cerebro desde las complejidades multidisciplinarias, metodol\u00f3gicas y \u00e9ticas que eso conlleva\u201d.<\/p>\n<p>La ExpoNeuro, a\u00f1adi\u00f3, es una evento que permite adentrarse de manera sencilla a los m\u00e1s recientes hallazgos en temas diversos de neurociencia aplicada a la psicolog\u00eda y que se materializan en la indagaci\u00f3n entre mente y cerebro, entre la generaci\u00f3n y aplicaci\u00f3n del conocimiento, as\u00ed como la divulgaci\u00f3n realizado por los cuerpos acad\u00e9micos\u201d.<\/p>\n<p>Este evento es, dijo finalmente Nancy Molina, \u201cun punto de encuentro entre estudiantes de licenciatura y posgrado de la Universidad de Colima y la UNIVA Colima, que se conjunta con actividades curriculares y extracurriculares, ciencia y arte, en un acto de creaci\u00f3n colectiva\u201d.<\/p>\n<p>En el evento estuvieron Joel Nino, Secretario General de la Universidad; Jorge Armando S\u00e1nche en representaci\u00f3n de Juan Jos\u00e9 Iglesias, director de la UNIVA Colima; Martha Alicia Maga\u00f1a, coordinadora general de Docencia, Susana Aurelia Preciado, directora general de Educaci\u00f3n Superior; Juan Diego Gayt\u00e1n, delegado de Colima y Jes\u00fas Omar Brizuela, director general de educaci\u00f3n continua.<\/p>\n<p>&nbsp;<\/p>\n<p>&nbsp;<\/p>\n","protected":false},"excerpt":{"rendered":"<p>*\u201cEste evento responde a las tareas institucionales de difusi\u00f3n del conocimiento, la promoci\u00f3n de la vocaci\u00f3n cient\u00edfica y la generaci\u00f3n de alianzas en beneficio de nuestra comunidad\u201d: Christian Torres Ortiz. Con el prop\u00f3sito de difundir entre la sociedad los avances de la psicolog\u00eda y las neurociencias en el estudio del comportamiento humano, este lunes iniciaron&#8230;<\/p>\n","protected":false},"author":2,"featured_media":24974,"comment_status":"open","ping_status":"open","sticky":false,"template":"","format":"standard","meta":{"footnotes":""},"categories":[14],"tags":[29,30,28],"class_list":["post-24973","post","type-post","status-publish","format-standard","has-post-thumbnail","hentry","category-educacion-y-cultura","tag-grid","tag-news","tag-slider"],"_links":{"self":[{"href":"http:\/\/elobservatorio.com.mx\/index.php?rest_route=\/wp\/v2\/posts\/24973"}],"collection":[{"href":"http:\/\/elobservatorio.com.mx\/index.php?rest_route=\/wp\/v2\/posts"}],"about":[{"href":"http:\/\/elobservatorio.com.mx\/index.php?rest_route=\/wp\/v2\/types\/post"}],"author":[{"embeddable":true,"href":"http:\/\/elobservatorio.com.mx\/index.php?rest_route=\/wp\/v2\/users\/2"}],"replies":[{"embeddable":true,"href":"http:\/\/elobservatorio.com.mx\/index.php?rest_route=%2Fwp%2Fv2%2Fcomments&post=24973"}],"version-history":[{"count":0,"href":"http:\/\/elobservatorio.com.mx\/index.php?rest_route=\/wp\/v2\/posts\/24973\/revisions"}],"wp:featuredmedia":[{"embeddable":true,"href":"http:\/\/elobservatorio.com.mx\/index.php?rest_route=\/wp\/v2\/media\/24974"}],"wp:attachment":[{"href":"http:\/\/elobservatorio.com.mx\/index.php?rest_route=%2Fwp%2Fv2%2Fmedia&parent=24973"}],"wp:term":[{"taxonomy":"category","embeddable":true,"href":"http:\/\/elobservatorio.com.mx\/index.php?rest_route=%2Fwp%2Fv2%2Fcategories&post=24973"},{"taxonomy":"post_tag","embeddable":true,"href":"http:\/\/elobservatorio.com.mx\/index.php?rest_route=%2Fwp%2Fv2%2Ftags&post=24973"}],"curies":[{"name":"wp","href":"https:\/\/api.w.org\/{rel}","templated":true}]}}