{"id":24990,"date":"2022-11-15T18:34:24","date_gmt":"2022-11-16T00:34:24","guid":{"rendered":"http:\/\/elobservatorio.com.mx\/?p=24990"},"modified":"2022-11-15T18:34:24","modified_gmt":"2022-11-16T00:34:24","slug":"presenta-tey-gutierrez-programa-para-atender-factores-de-riesgo-para-mujeres","status":"publish","type":"post","link":"http:\/\/elobservatorio.com.mx\/?p=24990","title":{"rendered":"Presenta Tey Guti\u00e9rrez programa para atender factores de riesgo para mujeres"},"content":{"rendered":"<p class=\"x_gmail-MsoNoSpacing\"><em><span lang=\"ES-MX\">*Contempla \u201c16 +16, Todos los D\u00edas son Naranjas\u201d realizar 18 acciones afirmativas<\/span><\/em><\/p>\n<p class=\"x_gmail-MsoNoSpacing\"><b><span lang=\"ES-MX\">\u00a0<\/span><\/b><b><span lang=\"ES-MX\">Villa de \u00c1lvarez, Col.-\u00a0<\/span><\/b><span lang=\"ES-MX\">En la presentaci\u00f3n del programa \u201c16 +16, Todos los D\u00edas son Naranjas\u201d, la Presidenta Municipal Tey Guti\u00e9rrez Andrade anunci\u00f3 la realizaci\u00f3n en Villa de \u00c1lvarez de acciones afirmativas, las cuales iniciaron el 9 de noviembre\u00a0 y concluir\u00e1n el 10 de diciembre.<\/span><\/p>\n<p class=\"x_gmail-MsoNoSpacing\"><span lang=\"ES-MX\">\u00a0<\/span><span lang=\"ES-MX\">Acompa\u00f1ada por activistas de la lucha a favor de las mujeres y contra la violencia de g\u00e9nero, la Alcaldesa mencion\u00f3\u00a0 que el objetivo del programa es trazar una ruta de acci\u00f3n institucional de prevenci\u00f3n y atenci\u00f3n de los factores de riesgo de las violencias de g\u00e9nero en contra de las mujeres.<\/span><\/p>\n<p class=\"x_gmail-MsoNoSpacing\"><span lang=\"ES-MX\">\u00a0<\/span><span lang=\"ES-MX\">Guti\u00e9rrez Andrade record\u00f3 que desde 1993 la Organizaci\u00f3n de las Naciones Unidas instaur\u00f3 el 25 de noviembre como el D\u00eda Internacional de la Violencia de G\u00e9nero contra las Mujeres, para que gobiernos y sociedad civil realicen acciones para sensibilizar a\u00a0 la poblaci\u00f3n sobre la violencia que padecen las mujeres.<\/span><\/p>\n<p class=\"x_gmail-MsoNoSpacing\"><span lang=\"ES-MX\">\u00a0<\/span><span lang=\"ES-MX\">Tey Guti\u00e9rrez explic\u00f3 que este 2022 su gobierno cre\u00f3 el programa \u201c16 +16, Todos los D\u00edas son Naranjas\u201d, que dispone la realizaci\u00f3n\u00a0 de 18 acciones afirmativas, entre otras, el lanzamiento de la Estrategia\u00a0 de seguimiento a las medidas de protecci\u00f3n a mujeres receptoras de violencia, mediante el uso de la tecnolog\u00eda de c\u00f3digos QR y visitas de proximidad.<\/span><\/p>\n<p class=\"x_gmail-MsoNoSpacing\"><span lang=\"ES-MX\">\u00a0<\/span><span lang=\"ES-MX\">Tambi\u00e9n se comercializar\u00e1n productos elaborados por la Red de Mujeres Produciendo en Villa de \u00c1lvarez; se lanzar\u00e1n las campa\u00f1as \u00a1Aqu\u00ed estamos!, de difusi\u00f3n de servicios para las mujeres en las 12 colonias con m\u00e1s reportes de violencia de g\u00e9nero, y \u00a1Detente!, para la movilidad segura en paradores de servicio de transporte p\u00fablico con mayor afluencia de estudiantes.<\/span><\/p>\n<p class=\"x_gmail-MsoNoSpacing\"><span lang=\"ES-MX\">\u00a0<\/span><span lang=\"ES-MX\">Marcha exploratoria\u00a0 en el Libramiento Griselda \u00c1lvarez, de la Avenida Ni\u00f1os H\u00e9roes a los l\u00edmites con el municipio de Colima; modernizaci\u00f3n del alumbrado p\u00fablico en 22 colonias; nueve jornadas de capacitaci\u00f3n del Programa Ciclos Productivos para Mujeres; incorporaci\u00f3n de siete colonias a la Estrategia Entornos Seguros, y expedici\u00f3n\u00a0 gratuita de licencias comerciales para jefas de familia.<\/span><\/p>\n<p class=\"x_gmail-MsoNoSpacing\"><span lang=\"ES-MX\">\u00a0<\/span><span lang=\"ES-MX\">Azucena Evangelista, de la Asociaci\u00f3n Colimense de Universitarias, se\u00f1al\u00f3 que esa agrupaci\u00f3n se sumar\u00e1 a las acciones del programa \u00ab16 +16, Todos los D\u00edas son Naranjas\u00bb, al igual que lo har\u00e1n estudiantes de la Universidad de Colima; mientas Leticia Zepeda, de 50 + 1, se congratul\u00f3 por el trabajo que a favor de las mujeres realiza el Ayuntamiento de Villa de \u00c1lvarez y por tomar en cuenta a las agrupaciones civiles en el trabajo para la prevenci\u00f3n de la violencia de g\u00e9nero contra las mujeres.<\/span><\/p>\n<p class=\"x_gmail-MsoNoSpacing\"><span lang=\"ES-MX\">\u00a0<\/span><span lang=\"ES-MX\">De la Red Colimense por los Derechos Humanos de los Mujeres, Nikol Bargobva, y Karina Alc\u00e1ntar, del Colegio de Mujeres Abogadas del Estado de Colima, felicitaron al gobierno municipal por ese programa tan completo, cuyo objetivo es despertar la conciencia en las mujeres.<\/span><\/p>\n<p class=\"x_gmail-MsoNoSpacing\"><span lang=\"ES-MX\">\u00a0<\/span><span lang=\"ES-MX\">Rosy Villarruel, de Rosas Rojas,\u00a0 expres\u00f3 su agrado por las acciones que en Villa de \u00c1lvarez se realizan para prevenir la violencia contra las mujeres, como la rehabilitaci\u00f3n de la red de alumbrado p\u00fablico, y Andrea \u00c1lvarez, de Mujeres J\u00f3venes, se dijo convencida que el trabajo en equipo entre sociedad y gobierno servir\u00e1 para visibilizar la violencia de g\u00e9nero contra las mujeres.<\/span><\/p>\n","protected":false},"excerpt":{"rendered":"<p>*Contempla \u201c16 +16, Todos los D\u00edas son Naranjas\u201d realizar 18 acciones afirmativas \u00a0Villa de \u00c1lvarez, Col.-\u00a0En la presentaci\u00f3n del programa \u201c16 +16, Todos los D\u00edas son Naranjas\u201d, la Presidenta Municipal Tey Guti\u00e9rrez Andrade anunci\u00f3 la realizaci\u00f3n en Villa de \u00c1lvarez de acciones afirmativas, las cuales iniciaron el 9 de noviembre\u00a0 y concluir\u00e1n el 10 de&#8230;<\/p>\n","protected":false},"author":2,"featured_media":24991,"comment_status":"open","ping_status":"open","sticky":false,"template":"","format":"standard","meta":{"footnotes":""},"categories":[8,42],"tags":[29,30,28],"class_list":["post-24990","post","type-post","status-publish","format-standard","has-post-thumbnail","hentry","category-municipios","category-villa-de-alvarez","tag-grid","tag-news","tag-slider"],"_links":{"self":[{"href":"http:\/\/elobservatorio.com.mx\/index.php?rest_route=\/wp\/v2\/posts\/24990"}],"collection":[{"href":"http:\/\/elobservatorio.com.mx\/index.php?rest_route=\/wp\/v2\/posts"}],"about":[{"href":"http:\/\/elobservatorio.com.mx\/index.php?rest_route=\/wp\/v2\/types\/post"}],"author":[{"embeddable":true,"href":"http:\/\/elobservatorio.com.mx\/index.php?rest_route=\/wp\/v2\/users\/2"}],"replies":[{"embeddable":true,"href":"http:\/\/elobservatorio.com.mx\/index.php?rest_route=%2Fwp%2Fv2%2Fcomments&post=24990"}],"version-history":[{"count":0,"href":"http:\/\/elobservatorio.com.mx\/index.php?rest_route=\/wp\/v2\/posts\/24990\/revisions"}],"wp:featuredmedia":[{"embeddable":true,"href":"http:\/\/elobservatorio.com.mx\/index.php?rest_route=\/wp\/v2\/media\/24991"}],"wp:attachment":[{"href":"http:\/\/elobservatorio.com.mx\/index.php?rest_route=%2Fwp%2Fv2%2Fmedia&parent=24990"}],"wp:term":[{"taxonomy":"category","embeddable":true,"href":"http:\/\/elobservatorio.com.mx\/index.php?rest_route=%2Fwp%2Fv2%2Fcategories&post=24990"},{"taxonomy":"post_tag","embeddable":true,"href":"http:\/\/elobservatorio.com.mx\/index.php?rest_route=%2Fwp%2Fv2%2Ftags&post=24990"}],"curies":[{"name":"wp","href":"https:\/\/api.w.org\/{rel}","templated":true}]}}