{"id":25020,"date":"2022-11-18T22:05:28","date_gmt":"2022-11-19T04:05:28","guid":{"rendered":"http:\/\/elobservatorio.com.mx\/?p=25020"},"modified":"2022-11-18T22:05:28","modified_gmt":"2022-11-19T04:05:28","slug":"margarita-moreno-hace-equipo-con-plaza-san-fernando-y-mejora-oficinas-del-registro-civil","status":"publish","type":"post","link":"http:\/\/elobservatorio.com.mx\/?p=25020","title":{"rendered":"Margarita Moreno hace equipo con Plaza San Fernando y mejora oficinas del registro civil\u00a0"},"content":{"rendered":"<div dir=\"auto\"><em>*Guillermo Brun respald\u00f3 el proyecto de la presidenta municipal de Colima para ampliar el local y acondicionarlo, sin costo al erario y sin cobrar renta<\/em><\/div>\n<div dir=\"auto\"><\/div>\n<div dir=\"auto\">La presidenta municipal de Colima, Margarita Moreno, hizo equipo con Guillermo Brun para inaugurar las nuevas oficinas de enlace del registro civil en Plaza San Fernando, en un local m\u00e1s amplio y con un espacio totalmente acondicionado para la comodidad de quienes acudan a tramitar un acta.<\/div>\n<div dir=\"auto\"><\/div>\n<div dir=\"auto\">\u201cQuiero pedir un fuerte aplauso para Guillermo, porque este espacio ya lo ten\u00edamos, pero ahora lo tenemos tres veces m\u00e1s grande, ofreciendo as\u00ed un mejor servicio para las familias de Colima\u201d, destac\u00f3 en su mensaje la presidenta municipal.<\/div>\n<div dir=\"auto\"><\/div>\n<div dir=\"auto\">Margarita Moreno puntualiz\u00f3 que desde el primer d\u00eda de gobierno se traz\u00f3 la meta de que cada acci\u00f3n, de su administraci\u00f3n, ser\u00e1 en un beneficio directo a las familias del municipio, por lo que con estas oficinas nuevas, acondicionadas y con mejores instalaciones se beneficiar\u00e1 a las familias.<\/div>\n<div dir=\"auto\"><\/div>\n<div dir=\"auto\">Destac\u00f3 que los servicios se proporcionar\u00e1n en un horario adecuado para las mam\u00e1s y pap\u00e1s que trabajan, facilit\u00e1ndoles el registro de sus hijos e hijas, as\u00ed como a las parejas que decidan casarse, quienes tendr\u00e1n todas las facilidades.<\/div>\n<div dir=\"auto\"><\/div>\n<div dir=\"auto\">\u201cAgradezco toda la disposici\u00f3n que mostr\u00f3 desde el primer d\u00eda Plaza San Fernando para apoyar este proyecto. Estamos convencidos de que realmente ser\u00e1 todo un \u00e9xito. Invito a la poblaci\u00f3n a que vengan y usen este espacio, que es de gran beneficio\u201d.<\/div>\n<div dir=\"auto\"><\/div>\n<div dir=\"auto\">Por su parte, el director del registro civil del municipio de Colima, Oscar Cervantes Figueroa, explic\u00f3 que con la inauguraci\u00f3n de esta oficina municipal de enlace del registro civil se ampl\u00edan a\u00fan m\u00e1s los puntos donde se proporcionan servicios a la poblaci\u00f3n.<\/div>\n<div dir=\"auto\"><\/div>\n<div dir=\"auto\">Precis\u00f3 que en estas oficinas las mam\u00e1s y pap\u00e1s podr\u00e1n registrar a sus reci\u00e9n nacidos, en un ambiente c\u00f3modo y de esparcimiento, dentro de un horario de 11:00 de la ma\u00f1ana a 19:00 horas, de lunes a s\u00e1bado.<\/div>\n<div dir=\"auto\"><\/div>\n<div dir=\"auto\">Adem\u00e1s, Cervantes Figueroa destac\u00f3 que las parejas que contraigan matrimonio en esta oficina, en equipo con la Plaza San Fernando y sus locatarios, se realizar\u00e1n din\u00e1micas para que los matrimonios puedan ganar sorpresas y regalos.<\/div>\n<div dir=\"auto\"><\/div>\n<div dir=\"auto\">Por su parte, Guillermo Brun refiri\u00f3 que Plaza San Fernando hace equipo con Margarita Moreno, por lo que este espacio que se da sin costo al Ayuntamiento de Colima se ampli\u00f3 de 40 a 116 metros, siendo un espacio c\u00f3modo para quienes vengan a realizar sus tr\u00e1mites.<\/div>\n<div dir=\"auto\"><\/div>\n<div dir=\"auto\">Detall\u00f3 que la inversi\u00f3n de adecuaci\u00f3n de este local la hizo Plaza San Fernando, con un monto de 650 mil pesos, en beneficio directo a la poblaci\u00f3n del municipio de Colima.<\/div>\n<div dir=\"auto\"><\/div>\n<div dir=\"auto\">\u201cTenemos previsto, como Plaza San Fernando, apoyar mucho y enriquecer todos lo servicios que d\u00e9 el municipio, por lo que tendemos muchas actividades que daremos a conocer poco a poco\u201d, adelant\u00f3 Guillermo Brun.<\/div>\n<div dir=\"auto\"><\/div>\n<div dir=\"auto\">En la inauguraci\u00f3n, estuvieron presentes la directora del registro civil del gobierno del estado, Brenda Guti\u00e9rrez Vega; las y los regidores Miryan Rosendo Le\u00f3n, Osiris Alcaraz Saucedo y Jonatan S\u00e1nchez Peregrina, as\u00ed como dem\u00e1s directivos del Ayuntamiento de Colima.<\/div>\n","protected":false},"excerpt":{"rendered":"<p>*Guillermo Brun respald\u00f3 el proyecto de la presidenta municipal de Colima para ampliar el local y acondicionarlo, sin costo al erario y sin cobrar renta La presidenta municipal de Colima, Margarita Moreno, hizo equipo con Guillermo Brun para inaugurar las nuevas oficinas de enlace del registro civil en Plaza San Fernando, en un local m\u00e1s&#8230;<\/p>\n","protected":false},"author":2,"featured_media":25021,"comment_status":"open","ping_status":"open","sticky":false,"template":"","format":"standard","meta":{"footnotes":""},"categories":[36,8],"tags":[29,30,28],"class_list":["post-25020","post","type-post","status-publish","format-standard","has-post-thumbnail","hentry","category-colima","category-municipios","tag-grid","tag-news","tag-slider"],"_links":{"self":[{"href":"http:\/\/elobservatorio.com.mx\/index.php?rest_route=\/wp\/v2\/posts\/25020"}],"collection":[{"href":"http:\/\/elobservatorio.com.mx\/index.php?rest_route=\/wp\/v2\/posts"}],"about":[{"href":"http:\/\/elobservatorio.com.mx\/index.php?rest_route=\/wp\/v2\/types\/post"}],"author":[{"embeddable":true,"href":"http:\/\/elobservatorio.com.mx\/index.php?rest_route=\/wp\/v2\/users\/2"}],"replies":[{"embeddable":true,"href":"http:\/\/elobservatorio.com.mx\/index.php?rest_route=%2Fwp%2Fv2%2Fcomments&post=25020"}],"version-history":[{"count":0,"href":"http:\/\/elobservatorio.com.mx\/index.php?rest_route=\/wp\/v2\/posts\/25020\/revisions"}],"wp:featuredmedia":[{"embeddable":true,"href":"http:\/\/elobservatorio.com.mx\/index.php?rest_route=\/wp\/v2\/media\/25021"}],"wp:attachment":[{"href":"http:\/\/elobservatorio.com.mx\/index.php?rest_route=%2Fwp%2Fv2%2Fmedia&parent=25020"}],"wp:term":[{"taxonomy":"category","embeddable":true,"href":"http:\/\/elobservatorio.com.mx\/index.php?rest_route=%2Fwp%2Fv2%2Fcategories&post=25020"},{"taxonomy":"post_tag","embeddable":true,"href":"http:\/\/elobservatorio.com.mx\/index.php?rest_route=%2Fwp%2Fv2%2Ftags&post=25020"}],"curies":[{"name":"wp","href":"https:\/\/api.w.org\/{rel}","templated":true}]}}