{"id":25049,"date":"2022-11-23T12:34:25","date_gmt":"2022-11-23T18:34:25","guid":{"rendered":"http:\/\/elobservatorio.com.mx\/?p=25049"},"modified":"2022-11-23T12:34:25","modified_gmt":"2022-11-23T18:34:25","slug":"conforma-ayuntamiento-redes-ciudadanas-de-constructores-de-paz","status":"publish","type":"post","link":"http:\/\/elobservatorio.com.mx\/?p=25049","title":{"rendered":"Conforma Ayuntamiento redes ciudadanas de Constructores de Paz"},"content":{"rendered":"<p class=\"x_gmail-MsoNoSpacing\"><em><span lang=\"ES-MX\">*Coordinadas con Prevenci\u00f3n del Delito, fomentan\u00a0 valores c\u00edvicos y la integraci\u00f3n familiar<\/span><\/em><\/p>\n<p class=\"x_gmail-MsoNoSpacing\"><b><span lang=\"ES-MX\">\u00a0<\/span><\/b><b><span lang=\"ES-MX\">Villa de \u00c1lvarez, Col.-\u00a0\u00a0<\/span><\/b><span lang=\"ES-MX\">En 50 colonias de la Ciudad, el Ayuntamiento de Villa de \u00c1lvarez construye las redes ciudadanas de Constructores de Paz, inform\u00f3\u00a0 Jonathan Ventura, titular del Departamento de Prevenci\u00f3n del Delito de la Direcci\u00f3n General de Seguridad P\u00fablica del Municipio.<\/span><\/p>\n<p class=\"x_gmail-MsoNoSpacing\"><span lang=\"ES-MX\">\u00a0<\/span><span lang=\"ES-MX\">Cada red est\u00e1 siendo conformada por cuatro integrantes, un Coordinador o Coordinadora General, un Constructor\u00a0 de Paz en Ni\u00f1as, Ni\u00f1os y Adolescentes, un Constructor de Paz en J\u00f3venes y un Constructor de Paz en Adultos, que generan actividades espec\u00edficas para cada uno de esos sectores, indic\u00f3 el funcionario municipal.<\/span><\/p>\n<p class=\"x_gmail-MsoNoSpacing\"><span lang=\"ES-MX\">\u00a0<\/span><span lang=\"ES-MX\">El Director del Departamento de Prevenci\u00f3n del Delito mencion\u00f3 que hasta el momento son 14 las redes ciudadanas de Constructores de Paz que se han conformado, a trav\u00e9s de las cuales\u00a0 se generan actividades en materia de fortalecimiento de valores, charla de h\u00e1bitos de seguridad y proyecciones de cine con \u00e9nfasis a la integraci\u00f3n familiar y fomento de los valores c\u00edvicos.<\/span><\/p>\n<p class=\"x_gmail-MsoNoSpacing\"><span lang=\"ES-MX\">\u00a0<\/span><span lang=\"ES-MX\">Las redes ciudadanas de Constructores de Paz integradas son las de las colonias Punta Diamante, Ram\u00f3n Serrano, Tabachines, Tulipanes, Jardines de la Villa, Buena Vista, Higueras del Espinal, Villas Providencia, Villas Colim\u00e1n, Rancho Blanco, San Isidro, Villas del R\u00edo, El Cortijo y Solidaridad.<\/span><\/p>\n<p class=\"x_gmail-MsoNoSpacing\"><span lang=\"ES-MX\">\u00a0<\/span><span lang=\"ES-MX\">Ventura expres\u00f3 que una instrucci\u00f3n de la Alcaldesa Tey Guti\u00e9rrez Andrade a la Direcci\u00f3n General de Seguridad P\u00fablica, en especial al Departamento de Prevenci\u00f3n del Delito, es incorporar a la estrategia transversal de Entornos Seguros, actividades l\u00fadicas que involucren a la sociedad en materia preventiva, particularmente en la poblaci\u00f3n joven y en ni\u00f1as y ni\u00f1os.<\/span><\/p>\n<p class=\"x_gmail-MsoNoSpacing\"><span lang=\"ES-MX\">\u00a0<\/span><span lang=\"ES-MX\">Finalmente, se\u00f1al\u00f3 que las redes ciudadanas de Constructores de Paz trabajar\u00e1n coordinadamente con los Comit\u00e9s de Barrio, pues\u00a0 el objetivo es que cada vez sean m\u00e1s manos trabajando en unidad en materia de prevenci\u00f3n del delito e incidir con ello en el fortalecimiento de la seguridad p\u00fablica.<\/span><\/p>\n","protected":false},"excerpt":{"rendered":"<p>*Coordinadas con Prevenci\u00f3n del Delito, fomentan\u00a0 valores c\u00edvicos y la integraci\u00f3n familiar \u00a0Villa de \u00c1lvarez, Col.-\u00a0\u00a0En 50 colonias de la Ciudad, el Ayuntamiento de Villa de \u00c1lvarez construye las redes ciudadanas de Constructores de Paz, inform\u00f3\u00a0 Jonathan Ventura, titular del Departamento de Prevenci\u00f3n del Delito de la Direcci\u00f3n General de Seguridad P\u00fablica del Municipio. \u00a0Cada&#8230;<\/p>\n","protected":false},"author":2,"featured_media":25050,"comment_status":"open","ping_status":"open","sticky":false,"template":"","format":"standard","meta":{"footnotes":""},"categories":[8,42],"tags":[29,30,28],"class_list":["post-25049","post","type-post","status-publish","format-standard","has-post-thumbnail","hentry","category-municipios","category-villa-de-alvarez","tag-grid","tag-news","tag-slider"],"_links":{"self":[{"href":"http:\/\/elobservatorio.com.mx\/index.php?rest_route=\/wp\/v2\/posts\/25049"}],"collection":[{"href":"http:\/\/elobservatorio.com.mx\/index.php?rest_route=\/wp\/v2\/posts"}],"about":[{"href":"http:\/\/elobservatorio.com.mx\/index.php?rest_route=\/wp\/v2\/types\/post"}],"author":[{"embeddable":true,"href":"http:\/\/elobservatorio.com.mx\/index.php?rest_route=\/wp\/v2\/users\/2"}],"replies":[{"embeddable":true,"href":"http:\/\/elobservatorio.com.mx\/index.php?rest_route=%2Fwp%2Fv2%2Fcomments&post=25049"}],"version-history":[{"count":0,"href":"http:\/\/elobservatorio.com.mx\/index.php?rest_route=\/wp\/v2\/posts\/25049\/revisions"}],"wp:featuredmedia":[{"embeddable":true,"href":"http:\/\/elobservatorio.com.mx\/index.php?rest_route=\/wp\/v2\/media\/25050"}],"wp:attachment":[{"href":"http:\/\/elobservatorio.com.mx\/index.php?rest_route=%2Fwp%2Fv2%2Fmedia&parent=25049"}],"wp:term":[{"taxonomy":"category","embeddable":true,"href":"http:\/\/elobservatorio.com.mx\/index.php?rest_route=%2Fwp%2Fv2%2Fcategories&post=25049"},{"taxonomy":"post_tag","embeddable":true,"href":"http:\/\/elobservatorio.com.mx\/index.php?rest_route=%2Fwp%2Fv2%2Ftags&post=25049"}],"curies":[{"name":"wp","href":"https:\/\/api.w.org\/{rel}","templated":true}]}}