{"id":25125,"date":"2022-11-28T13:00:13","date_gmt":"2022-11-28T19:00:13","guid":{"rendered":"http:\/\/elobservatorio.com.mx\/?p=25125"},"modified":"2022-11-28T13:00:13","modified_gmt":"2022-11-28T19:00:13","slug":"culminan-jovenes-etapa-formativa-en-la-facultad-de-economia","status":"publish","type":"post","link":"http:\/\/elobservatorio.com.mx\/?p=25125","title":{"rendered":"Culminan j\u00f3venes etapa formativa en la Facultad de Econom\u00eda"},"content":{"rendered":"<p><em>*\u201cProyect\u00e9monos como l\u00edderes y due\u00f1os de nuestro destino, como detonadores de un cambio positivo en nuestra sociedad, en el mundo y en uno mismo\u201d, egresado.<\/em><\/p>\n<p>En el marco del 43 aniversario de la Facultad de Econom\u00eda de la Universidad de Colima, se realiz\u00f3 el acto de titulaci\u00f3n de 23 egresados de las licenciaturas en Econom\u00eda, Finanzas y Negocios Internacionales en modalidad espa\u00f1ol e ingl\u00e9s.Los egresados, que se titularon en las modalidades por desempe\u00f1o acad\u00e9mico sobresaliente, examen general de egreso interno, externo y actualizaci\u00f3n de conocimientos del campo profesional por diplomado, rindieron protesta frente al s\u00ednodo conformado por Jos\u00e9 Manuel Orozco Plascencia, presidente; Norma Verduzco como secretaria y Yunu\u00e9n Soto como vocal.<\/p>\n<p>Luego de este acto el director de la facultad, Jos\u00e9 Manuel Orozco comparti\u00f3 con las y los egresados que ese plantel impulsa que los estudiantes y egresados se incorporen al sector productivo. Los egresados, continu\u00f3, \u201cson agentes de cambio que transformar\u00e1n el entorno y har\u00e1n un proyecto de vida a partir de lo que decidan: un posgrado, trabajar para el sector p\u00fablico, privado, social o realizar proyectos personales; lo har\u00e1n con gran profesionalismo y seguro que saldr\u00e1n adelante\u201d.<\/p>\n<p>Por su parte Hugo Alfonso Barreto, director general de Administraci\u00f3n Escolar, felicit\u00f3 a los egresados y reconoci\u00f3 su compromiso por culminar sus estudios. Adem\u00e1s, les comparti\u00f3 los pasos que deben seguir para finalizar los tr\u00e1mites de titulaci\u00f3n y la obtenci\u00f3n de la c\u00e9dula profesional.<\/p>\n<p>Al tomar la palabra en nombre de sus compa\u00f1eros, Alfredo Hern\u00e1ndez dijo que es apenas el inicio de diferentes retos que enfrentar\u00e1n en su vida: \u201cProyect\u00e9monos como l\u00edderes y due\u00f1os de nuestro destino, como detonadores de un cambio positivo en nuestra sociedad, en el mundo y en nosotros mismos\u201d.<\/p>\n<p>Asimismo, reconoci\u00f3 el trabajo de sus profesores, quienes los prepararon para enfrentar el mundo, y continu\u00f3: \u201cHagan de su mundo la mejor versi\u00f3n, porque lo tienen todo; donde estemos, recordemos a nuestros padres, madres, familiares, parejas, amigos, familias, docentes; demos gracias por tan excelente equipo que estuvo presente y ser un aliento constante y que, m\u00e1s de alguna vez, hicieron m\u00e1s de lo que deb\u00edan\u201d.<\/p>\n<p>En el evento tambi\u00e9n estuvieron Gerardo Alcal\u00e1 Montes, vicepresidente de la FEUC; Ram\u00f3n Garc\u00eda, representante de la Asociaci\u00f3n de Egresados de la Licenciatura en Econom\u00eda y Arlette Velasco, presidenta de la Sociedad de Alumnos.<\/p>\n","protected":false},"excerpt":{"rendered":"<p>*\u201cProyect\u00e9monos como l\u00edderes y due\u00f1os de nuestro destino, como detonadores de un cambio positivo en nuestra sociedad, en el mundo y en uno mismo\u201d, egresado. En el marco del 43 aniversario de la Facultad de Econom\u00eda de la Universidad de Colima, se realiz\u00f3 el acto de titulaci\u00f3n de 23 egresados de las licenciaturas en Econom\u00eda,&#8230;<\/p>\n","protected":false},"author":2,"featured_media":25126,"comment_status":"open","ping_status":"open","sticky":false,"template":"","format":"standard","meta":{"footnotes":""},"categories":[14],"tags":[29,30,28],"class_list":["post-25125","post","type-post","status-publish","format-standard","has-post-thumbnail","hentry","category-educacion-y-cultura","tag-grid","tag-news","tag-slider"],"_links":{"self":[{"href":"http:\/\/elobservatorio.com.mx\/index.php?rest_route=\/wp\/v2\/posts\/25125"}],"collection":[{"href":"http:\/\/elobservatorio.com.mx\/index.php?rest_route=\/wp\/v2\/posts"}],"about":[{"href":"http:\/\/elobservatorio.com.mx\/index.php?rest_route=\/wp\/v2\/types\/post"}],"author":[{"embeddable":true,"href":"http:\/\/elobservatorio.com.mx\/index.php?rest_route=\/wp\/v2\/users\/2"}],"replies":[{"embeddable":true,"href":"http:\/\/elobservatorio.com.mx\/index.php?rest_route=%2Fwp%2Fv2%2Fcomments&post=25125"}],"version-history":[{"count":0,"href":"http:\/\/elobservatorio.com.mx\/index.php?rest_route=\/wp\/v2\/posts\/25125\/revisions"}],"wp:featuredmedia":[{"embeddable":true,"href":"http:\/\/elobservatorio.com.mx\/index.php?rest_route=\/wp\/v2\/media\/25126"}],"wp:attachment":[{"href":"http:\/\/elobservatorio.com.mx\/index.php?rest_route=%2Fwp%2Fv2%2Fmedia&parent=25125"}],"wp:term":[{"taxonomy":"category","embeddable":true,"href":"http:\/\/elobservatorio.com.mx\/index.php?rest_route=%2Fwp%2Fv2%2Fcategories&post=25125"},{"taxonomy":"post_tag","embeddable":true,"href":"http:\/\/elobservatorio.com.mx\/index.php?rest_route=%2Fwp%2Fv2%2Ftags&post=25125"}],"curies":[{"name":"wp","href":"https:\/\/api.w.org\/{rel}","templated":true}]}}