{"id":25128,"date":"2022-11-28T13:30:57","date_gmt":"2022-11-28T19:30:57","guid":{"rendered":"http:\/\/elobservatorio.com.mx\/?p=25128"},"modified":"2022-11-28T13:30:57","modified_gmt":"2022-11-28T19:30:57","slug":"participan-mas-de-350-en-jornadas-por-la-transparencia-en-la-villa","status":"publish","type":"post","link":"http:\/\/elobservatorio.com.mx\/?p=25128","title":{"rendered":"Participan m\u00e1s de 350 en Jornadas por la Transparencia, en la Villa"},"content":{"rendered":"<p class=\"x_gmail-MsoNoSpacing\"><b>Villa de \u00c1lvarez, Col.-<\/b>\u00a0M\u00e1s de 350 servidoras y servidores p\u00fablicos de Villa de \u00c1lvarez participaron en las Jornadas por Ia Transparencia, Rendici\u00f3n de Cuentas y Control Interno, organizadas por la Contralor\u00eda Municipal.<\/p>\n<p class=\"x_gmail-MsoNoSpacing\">Los participantes en estas Jornadas,\u00a0 trabajadoras y trabajadores sindicalizados y funcionarias y funcionarios de confianza, recibieron capacitaci\u00f3n en materia de transparencia y protecci\u00f3n de datos personales, \u00e9tica, conducta y responsabilidades administrativas de los servidores p\u00fablicos.<\/p>\n<p class=\"x_gmail-MsoNoSpacing\">La Contralora Municipal, Gregoria Far\u00edas Vaca, inform\u00f3 que las Jornadas por Ia Transparencia, Rendici\u00f3n de Cuentas y Control Interno, se realizaron por instrucci\u00f3n de la Presidenta Tey Guti\u00e9rrez Andrade, que ha solicitado a la plantilla laboral conducirse bajo los principios de honestidad y transparencia.<\/p>\n","protected":false},"excerpt":{"rendered":"<p>Villa de \u00c1lvarez, Col.-\u00a0M\u00e1s de 350 servidoras y servidores p\u00fablicos de Villa de \u00c1lvarez participaron en las Jornadas por Ia Transparencia, Rendici\u00f3n de Cuentas y Control Interno, organizadas por la Contralor\u00eda Municipal. Los participantes en estas Jornadas,\u00a0 trabajadoras y trabajadores sindicalizados y funcionarias y funcionarios de confianza, recibieron capacitaci\u00f3n en materia de transparencia y protecci\u00f3n&#8230;<\/p>\n","protected":false},"author":2,"featured_media":25129,"comment_status":"open","ping_status":"open","sticky":false,"template":"","format":"standard","meta":{"footnotes":""},"categories":[8,42],"tags":[29,30,28],"class_list":["post-25128","post","type-post","status-publish","format-standard","has-post-thumbnail","hentry","category-municipios","category-villa-de-alvarez","tag-grid","tag-news","tag-slider"],"_links":{"self":[{"href":"http:\/\/elobservatorio.com.mx\/index.php?rest_route=\/wp\/v2\/posts\/25128"}],"collection":[{"href":"http:\/\/elobservatorio.com.mx\/index.php?rest_route=\/wp\/v2\/posts"}],"about":[{"href":"http:\/\/elobservatorio.com.mx\/index.php?rest_route=\/wp\/v2\/types\/post"}],"author":[{"embeddable":true,"href":"http:\/\/elobservatorio.com.mx\/index.php?rest_route=\/wp\/v2\/users\/2"}],"replies":[{"embeddable":true,"href":"http:\/\/elobservatorio.com.mx\/index.php?rest_route=%2Fwp%2Fv2%2Fcomments&post=25128"}],"version-history":[{"count":0,"href":"http:\/\/elobservatorio.com.mx\/index.php?rest_route=\/wp\/v2\/posts\/25128\/revisions"}],"wp:featuredmedia":[{"embeddable":true,"href":"http:\/\/elobservatorio.com.mx\/index.php?rest_route=\/wp\/v2\/media\/25129"}],"wp:attachment":[{"href":"http:\/\/elobservatorio.com.mx\/index.php?rest_route=%2Fwp%2Fv2%2Fmedia&parent=25128"}],"wp:term":[{"taxonomy":"category","embeddable":true,"href":"http:\/\/elobservatorio.com.mx\/index.php?rest_route=%2Fwp%2Fv2%2Fcategories&post=25128"},{"taxonomy":"post_tag","embeddable":true,"href":"http:\/\/elobservatorio.com.mx\/index.php?rest_route=%2Fwp%2Fv2%2Ftags&post=25128"}],"curies":[{"name":"wp","href":"https:\/\/api.w.org\/{rel}","templated":true}]}}