{"id":25202,"date":"2022-11-30T12:22:36","date_gmt":"2022-11-30T18:22:36","guid":{"rendered":"http:\/\/elobservatorio.com.mx\/?p=25202"},"modified":"2022-11-30T13:17:10","modified_gmt":"2022-11-30T19:17:10","slug":"fallece-hombre-que-participo-en-rina-en-la-entrada-de-la-musica-en-armeria","status":"publish","type":"post","link":"http:\/\/elobservatorio.com.mx\/?p=25202","title":{"rendered":"Fallece hombre que particip\u00f3 en ri\u00f1a en la Entrada de la M\u00fasica, en Armer\u00eda"},"content":{"rendered":"<p><em>*En presencia de la presidenta municipal Diana Zepeda y la presidenta del Comit\u00e9 de Feria, Leticia Cervantes,\u00a0 se registr\u00f3 una ri\u00f1a en la Plaza de Toros y\u00a0 seguridad p\u00fablica nunca intervino<\/em><\/p>\n<p>Armer\u00eda Col.- Aun no empiezan oficialmente las fiestas de Armer\u00eda y ya se registr\u00f3 el primer fallecimiento, registrando saldo rojo. Hoy mi\u00e9rcoles falleci\u00f3 uno de los\u00a0 hombres que el pasado s\u00e1bado participaran en una ri\u00f1a, en pleno evento de la Entrada de la M\u00fasica Armer\u00eda 2022.\u00a0 Ri\u00f1a que se registr\u00f3 en presencia de la presidenta municipal Diana Zepeda y de la presidenta del Comit\u00e9 de Feria, Leticia Cervantes<\/p>\n<p>Los hechos se registraron\u00a0 en el interior de la plaza de toros, al finalizar la cabalgata realizada por la Entrada de la M\u00fasica, cuando dos\u00a0 masculinos empezaron a discutir hasta llegar a los golpes, fue cuando Miguel \u00c1ngel Fern\u00e1ndez mejor conocido como El Pollo, cay\u00f3 herido con un golpe en la cabeza, por lo que fue llevado de inmediato a recibir atenci\u00f3n m\u00e9dica, pero lamentablemente este mi\u00e9rcoles falleci\u00f3 en el nosocomio.<\/p>\n<p>Pese a que las autoridades antes mencionadas estaban presentes, no hicieron nada por evitarlo, mucho menos lleg\u00f3 la pol\u00edcia municipal a tiempo para evitar mayores lesiones. Incluso al ver que la ri\u00f1a sub\u00eda de tono, las autoridades huyeron del lugar.<\/p>\n<p>Este 1 de diciembre arrancan oficialmente las fiestas del municipio, las cuales culiminar\u00e1n el 15 de diciembre.<\/p>\n<p>Cabe recordar que en Octubre del presente a\u00f1o se registr\u00f3 otra ri\u00f1a en pleno arranque de las fiestas de Coalatilla,\u00a0 en donde perdi\u00f3 la vida un sujeto que le apodaban el \u00abMachetes\u00bb, en la ri\u00f1a fue agredido a machetazos y tambi\u00e9n nunca se hizo presente la pol\u00edcia municipal para impedir la agresi\u00f3n y poner orden en las fiestas.<\/p>\n<p>&nbsp;<\/p>\n","protected":false},"excerpt":{"rendered":"<p>*En presencia de la presidenta municipal Diana Zepeda y la presidenta del Comit\u00e9 de Feria, Leticia Cervantes,\u00a0 se registr\u00f3 una ri\u00f1a en la Plaza de Toros y\u00a0 seguridad p\u00fablica nunca intervino Armer\u00eda Col.- Aun no empiezan oficialmente las fiestas de Armer\u00eda y ya se registr\u00f3 el primer fallecimiento, registrando saldo rojo. Hoy mi\u00e9rcoles falleci\u00f3 uno&#8230;<\/p>\n","protected":false},"author":2,"featured_media":25203,"comment_status":"open","ping_status":"open","sticky":false,"template":"","format":"standard","meta":{"footnotes":""},"categories":[33,8],"tags":[29,30,28],"class_list":["post-25202","post","type-post","status-publish","format-standard","has-post-thumbnail","hentry","category-armeria","category-municipios","tag-grid","tag-news","tag-slider"],"_links":{"self":[{"href":"http:\/\/elobservatorio.com.mx\/index.php?rest_route=\/wp\/v2\/posts\/25202"}],"collection":[{"href":"http:\/\/elobservatorio.com.mx\/index.php?rest_route=\/wp\/v2\/posts"}],"about":[{"href":"http:\/\/elobservatorio.com.mx\/index.php?rest_route=\/wp\/v2\/types\/post"}],"author":[{"embeddable":true,"href":"http:\/\/elobservatorio.com.mx\/index.php?rest_route=\/wp\/v2\/users\/2"}],"replies":[{"embeddable":true,"href":"http:\/\/elobservatorio.com.mx\/index.php?rest_route=%2Fwp%2Fv2%2Fcomments&post=25202"}],"version-history":[{"count":0,"href":"http:\/\/elobservatorio.com.mx\/index.php?rest_route=\/wp\/v2\/posts\/25202\/revisions"}],"wp:featuredmedia":[{"embeddable":true,"href":"http:\/\/elobservatorio.com.mx\/index.php?rest_route=\/wp\/v2\/media\/25203"}],"wp:attachment":[{"href":"http:\/\/elobservatorio.com.mx\/index.php?rest_route=%2Fwp%2Fv2%2Fmedia&parent=25202"}],"wp:term":[{"taxonomy":"category","embeddable":true,"href":"http:\/\/elobservatorio.com.mx\/index.php?rest_route=%2Fwp%2Fv2%2Fcategories&post=25202"},{"taxonomy":"post_tag","embeddable":true,"href":"http:\/\/elobservatorio.com.mx\/index.php?rest_route=%2Fwp%2Fv2%2Ftags&post=25202"}],"curies":[{"name":"wp","href":"https:\/\/api.w.org\/{rel}","templated":true}]}}