{"id":25206,"date":"2022-11-30T12:57:36","date_gmt":"2022-11-30T18:57:36","guid":{"rendered":"http:\/\/elobservatorio.com.mx\/?p=25206"},"modified":"2022-11-30T12:57:36","modified_gmt":"2022-11-30T18:57:36","slug":"morena-y-aliados-dejan-fuera-del-presupuesto-a-estancias-infantiles-educadoras-se-manifiestan","status":"publish","type":"post","link":"http:\/\/elobservatorio.com.mx\/?p=25206","title":{"rendered":"MORENA y aliados dejan fuera del presupuesto a estancias infantiles; educadoras se manifiestan"},"content":{"rendered":"<p><em>*Piden se les considere en el presupuesto de Egresos 2023\u00a0 del Gobierno del Estado que ser\u00e1 discutido en la sesi\u00f3n de hoy mi\u00e9rcoles\u00a0<\/em><\/p>\n<p>Colima Col.- Educadoras de las estancias infantiles \u00abEducar para Volar\u00bb, bloquearon todos los accesos del Congreso del Estado en demandad de que se les contemple en el Presupuesto de Egresos del Gobierno Estatal 2023 que este d\u00eda se discutir\u00e1 en el pleno de\u00a0 la Sexag\u00e9sima Legislatura Local<\/p>\n<p>Muy temprano las educadoras se plantaron en los accesos del Congreso, colocando las vallas met\u00e1licas que fueron utilizadas en el Primer Informe de Gobierno de la Gobernadora Indira Vizca\u00edno Silva, provocando retraso en el inicio de la Sesi\u00f3n en la que se aprobar\u00e1 el Presupuesto de Egresos del Gobierno Estatal.<\/p>\n<p>Las educadoras, en su mayor\u00eda, se concentraron en los ingresos del Congreso Estatal porque no les fue considerado un recurso etiquetado en el presupuesto 2023 y con la finalidad de destrabar y sean considerados, realizaron esta manifestaci\u00f3n<\/p>\n<p>&nbsp;<\/p>\n","protected":false},"excerpt":{"rendered":"<p>*Piden se les considere en el presupuesto de Egresos 2023\u00a0 del Gobierno del Estado que ser\u00e1 discutido en la sesi\u00f3n de hoy mi\u00e9rcoles\u00a0 Colima Col.- Educadoras de las estancias infantiles \u00abEducar para Volar\u00bb, bloquearon todos los accesos del Congreso del Estado en demandad de que se les contemple en el Presupuesto de Egresos del Gobierno&#8230;<\/p>\n","protected":false},"author":2,"featured_media":25207,"comment_status":"open","ping_status":"open","sticky":false,"template":"","format":"standard","meta":{"footnotes":""},"categories":[1],"tags":[29,30,28],"class_list":["post-25206","post","type-post","status-publish","format-standard","has-post-thumbnail","hentry","category-espacio-legislativo","tag-grid","tag-news","tag-slider"],"_links":{"self":[{"href":"http:\/\/elobservatorio.com.mx\/index.php?rest_route=\/wp\/v2\/posts\/25206"}],"collection":[{"href":"http:\/\/elobservatorio.com.mx\/index.php?rest_route=\/wp\/v2\/posts"}],"about":[{"href":"http:\/\/elobservatorio.com.mx\/index.php?rest_route=\/wp\/v2\/types\/post"}],"author":[{"embeddable":true,"href":"http:\/\/elobservatorio.com.mx\/index.php?rest_route=\/wp\/v2\/users\/2"}],"replies":[{"embeddable":true,"href":"http:\/\/elobservatorio.com.mx\/index.php?rest_route=%2Fwp%2Fv2%2Fcomments&post=25206"}],"version-history":[{"count":0,"href":"http:\/\/elobservatorio.com.mx\/index.php?rest_route=\/wp\/v2\/posts\/25206\/revisions"}],"wp:featuredmedia":[{"embeddable":true,"href":"http:\/\/elobservatorio.com.mx\/index.php?rest_route=\/wp\/v2\/media\/25207"}],"wp:attachment":[{"href":"http:\/\/elobservatorio.com.mx\/index.php?rest_route=%2Fwp%2Fv2%2Fmedia&parent=25206"}],"wp:term":[{"taxonomy":"category","embeddable":true,"href":"http:\/\/elobservatorio.com.mx\/index.php?rest_route=%2Fwp%2Fv2%2Fcategories&post=25206"},{"taxonomy":"post_tag","embeddable":true,"href":"http:\/\/elobservatorio.com.mx\/index.php?rest_route=%2Fwp%2Fv2%2Ftags&post=25206"}],"curies":[{"name":"wp","href":"https:\/\/api.w.org\/{rel}","templated":true}]}}