{"id":25235,"date":"2022-11-30T21:25:40","date_gmt":"2022-12-01T03:25:40","guid":{"rendered":"http:\/\/elobservatorio.com.mx\/?p=25235"},"modified":"2022-11-30T21:25:40","modified_gmt":"2022-12-01T03:25:40","slug":"ayuntamiento-de-colima-y-coparmex-crearan-el-centro-de-integracion-ciudadana","status":"publish","type":"post","link":"http:\/\/elobservatorio.com.mx\/?p=25235","title":{"rendered":"Ayuntamiento de Colima y COPARMEX crear\u00e1n el Centro de Integraci\u00f3n Ciudadana"},"content":{"rendered":"<div dir=\"auto\"><em>*Con esta iniciativa se busca incentivar la participaci\u00f3n ciudadana como una forma de mejorar las comunidades.<\/em><\/div>\n<div dir=\"auto\"><\/div>\n<div dir=\"auto\">A partir de este 1 de diciembre iniciar\u00e1 operaciones en el municipio de Colima el Centro de Integraci\u00f3n Ciudadana, una iniciativa que el Ayuntamiento de Colima, el Ayuntamiento de Villa de \u00c1lvarez y COPARMEX Colima pondr\u00e1n en marcha con el objetivo de fortalecer y auxiliar la Participaci\u00f3n Ciudadana de la poblaci\u00f3n de la capital colimense en la gesti\u00f3n de servicios p\u00fablicos de una forma integral.<\/div>\n<div dir=\"auto\"><\/div>\n<div dir=\"auto\">La presidenta municipal de Colima, Margarita Moreno, realiz\u00f3 la firma del convenio de colaboraci\u00f3n con COPARMEX Colima, representado por su presidente estatal, Eduardo S\u00e1nchez Garc\u00eda, tras resaltar la importancia de hacer equipo con la sociedad para trabajar por un mejor municipio.<\/div>\n<div dir=\"auto\"><\/div>\n<div dir=\"auto\">\u201cLa tecnolog\u00eda va avanzando a pasaos agigantados, por lo que hoy celebramos que tengamos esta herramienta para que los ciudadanos puedan reportar de una manera m\u00e1s eficiente. En nuestro Plan Municipal de Desarrollo tenemos un Colima m\u00e1s ordenado, y con esta aplicaci\u00f3n ponemos todos manos a la obra\u201d, coment\u00f3.<\/div>\n<div dir=\"auto\"><\/div>\n<div dir=\"auto\">Este proyecto nace como una iniciativa de COPARMEX Colima para restaurar la confianza entre ciudadanos y autoridades mediante la participaci\u00f3n ciudadana; consiste en la creaci\u00f3n de una plataforma que adapta las necesidades prioritaria de la ciudadan\u00eda para recibir y vincular reportes ciudadanos buscando que la ciudadan\u00eda est\u00e9 informada y comunicada.<\/div>\n<div dir=\"auto\"><\/div>\n<div dir=\"auto\">La Firma del Convenio de Colaboraci\u00f3n y presentaci\u00f3n del CIC se da en el marco de uno de los 10 Proyectos Estrat\u00e9gicos de Plan Municipal de Desarrollo denominado \u201c T\u00fa reportas, Ayuntamiento responde\u201d, cuyo objetivo es dar respuesta a los reportes ciudadanos as\u00ed como \u00a0ampliar y hacer m\u00e1s \u00e1giles los canales de comunicaci\u00f3n entre sociedad y gobierno, por lo que este proyecto se convierten en una alternativa m\u00e1s para que atender la demanda de la poblaci\u00f3n respecto a los servicios que presta el Ayuntamiento.<\/div>\n<div dir=\"auto\"><\/div>\n<div dir=\"auto\">El presidente de COPARMEX explic\u00f3 que la colaboraci\u00f3n se dar\u00e1 mediante herramientas de reporte o denuncia pertenecientes al \u201cCIC\u201d sobre los temas de servicios p\u00fablicos, propuestas ciudadanas, reportes viales, Protecci\u00f3n Civil y seguridad.<\/div>\n<div dir=\"auto\">Recordemos que lo que no se mide no se puede evaluar. Y yo conf\u00edo enormemente en mi equipo y estoy segura que daremos respuesta, siendo parte, en equipo, de las soluciones del municipio, atendiendo a las familias de Colima con esta herramienta que, conf\u00edo, tendr\u00e1 mucho \u00e9xito\u00bb.<\/div>\n<div dir=\"auto\"><\/div>\n<div dir=\"auto\">En este evento realizado en el emblem\u00e1tico jard\u00edn de San Francisco se cont\u00f3 con la presencia de la presidenta municipal de Villa de \u00c1lvarez, Esther Guti\u00e9rrez Andrade, quien tambi\u00e9n efectu\u00f3 la firma de este convenio; la presidenta de la Asociaci\u00f3n de Mujeres Empresarias de Colima, Mayra Hurtado Zavala; as\u00ed como el presidente del Comit\u00e9 de Participaci\u00f3n Ciudadana de San Francisco Sur, Ernesto Cruz I\u00f1iguez, e invitados especiales del sector empresarial en la capital colimense.<\/div>\n<div dir=\"auto\"><\/div>\n","protected":false},"excerpt":{"rendered":"<p>*Con esta iniciativa se busca incentivar la participaci\u00f3n ciudadana como una forma de mejorar las comunidades. A partir de este 1 de diciembre iniciar\u00e1 operaciones en el municipio de Colima el Centro de Integraci\u00f3n Ciudadana, una iniciativa que el Ayuntamiento de Colima, el Ayuntamiento de Villa de \u00c1lvarez y COPARMEX Colima pondr\u00e1n en marcha con&#8230;<\/p>\n","protected":false},"author":2,"featured_media":25236,"comment_status":"open","ping_status":"open","sticky":false,"template":"","format":"standard","meta":{"footnotes":""},"categories":[36,8],"tags":[29,30,28],"class_list":["post-25235","post","type-post","status-publish","format-standard","has-post-thumbnail","hentry","category-colima","category-municipios","tag-grid","tag-news","tag-slider"],"_links":{"self":[{"href":"http:\/\/elobservatorio.com.mx\/index.php?rest_route=\/wp\/v2\/posts\/25235"}],"collection":[{"href":"http:\/\/elobservatorio.com.mx\/index.php?rest_route=\/wp\/v2\/posts"}],"about":[{"href":"http:\/\/elobservatorio.com.mx\/index.php?rest_route=\/wp\/v2\/types\/post"}],"author":[{"embeddable":true,"href":"http:\/\/elobservatorio.com.mx\/index.php?rest_route=\/wp\/v2\/users\/2"}],"replies":[{"embeddable":true,"href":"http:\/\/elobservatorio.com.mx\/index.php?rest_route=%2Fwp%2Fv2%2Fcomments&post=25235"}],"version-history":[{"count":0,"href":"http:\/\/elobservatorio.com.mx\/index.php?rest_route=\/wp\/v2\/posts\/25235\/revisions"}],"wp:featuredmedia":[{"embeddable":true,"href":"http:\/\/elobservatorio.com.mx\/index.php?rest_route=\/wp\/v2\/media\/25236"}],"wp:attachment":[{"href":"http:\/\/elobservatorio.com.mx\/index.php?rest_route=%2Fwp%2Fv2%2Fmedia&parent=25235"}],"wp:term":[{"taxonomy":"category","embeddable":true,"href":"http:\/\/elobservatorio.com.mx\/index.php?rest_route=%2Fwp%2Fv2%2Fcategories&post=25235"},{"taxonomy":"post_tag","embeddable":true,"href":"http:\/\/elobservatorio.com.mx\/index.php?rest_route=%2Fwp%2Fv2%2Ftags&post=25235"}],"curies":[{"name":"wp","href":"https:\/\/api.w.org\/{rel}","templated":true}]}}