{"id":25250,"date":"2022-12-01T12:44:55","date_gmt":"2022-12-01T18:44:55","guid":{"rendered":"http:\/\/elobservatorio.com.mx\/?p=25250"},"modified":"2022-12-01T12:44:55","modified_gmt":"2022-12-01T18:44:55","slug":"de-la-contramarcha-amloista-morenista","status":"publish","type":"post","link":"http:\/\/elobservatorio.com.mx\/?p=25250","title":{"rendered":"De la contramarcha amlo\u00edsta\/morenista."},"content":{"rendered":"<p><em>Carlos Ramiro Vargas<\/em><\/p>\n<p>La contra\/marcha morenista del 27 de noviembre que congreg\u00f3 en la capital de la Rep\u00fablica a un mill\u00f3n de acarreados en su gran mayor\u00eda, -mill\u00f3n y medio dicen algunos-, ha sido la movilizaci\u00f3n oficial de Estado bajo hegemon\u00eda morenista, m\u00e1s costoso en la historia pol\u00edtica nacional.<\/p>\n<p>Su primer objetivo fue contra\/restar la importancia de la marcha totalmente ciudadana en defensa del INE, celebrada el 13 de noviembre, y que unific\u00f3 bajo dicha bandera, tanto en la capital del pa\u00eds, como en 50 ciudades mexicanas, a cerca de mill\u00f3n y medio de ciudadanos, que por su propio pie y sufragando sus gastos, manifestaron de cara al sol, su absoluto desacuerdo a la reforma totalitaria con la que L\u00f3pez Obrador presidente, pretende apropiarse del Instituto Nacional Electoral, INE, eliminando su autonom\u00eda org\u00e1nica y con ello, facilitar los triunfos electorales de Morena partido y sobre todo, el proceso en el que se jugar\u00e1 la presidencia de M\u00e9xico, en el a\u00f1o 2024.<\/p>\n<p>Dicha contra\/marcha, ejemplo de las marchas oficiales y de Estado al estilo de lo peor del viejo PRI, y a las que alguna vez cuestion\u00f3 L\u00f3pez Obrador, no logr\u00f3 superar en n\u00famero a la manifestaci\u00f3n ciudadana del 13 de noviembre, que tampoco fue dirigida por ning\u00fan partido, antes por el contario, pues partidos como el PAN, PRD, o PRI, tuvieron que adherirse a esta magna movilizaci\u00f3n ciudadana so pena de ser severamente castigados, en las pr\u00f3ximas elecciones locales y federales, como la estrat\u00e9gica del estado de M\u00e9xico o la presidencial.<\/p>\n<p>El segundo objetivo de esta marcha de obligados y acarreados, -sin desconocer que un determinado porcentaje de los participantes s\u00ed apoya a L\u00f3pez Obrador, por su propia voluntad-, fue el de iniciar precisamente la competencia por el 2024, con una adelantada err\u00f3neamente sucesi\u00f3n presidencial, y con ello, apuntalar la candidatura de Claudia Scheinbaum, la gobernante de la Cuidad de M\u00e9xico y favorita del Tlatoani mayor.<\/p>\n<p>La misma Scheinbaum que perdi\u00f3 en las pasadas elecciones locales, la mayor parte de las m\u00e1s relevantes delegaciones de la CDMX, hoy en manos de la oposici\u00f3n y principalmente del PAN.<\/p>\n<p>Y con un ego de dictador en ciernes, la marcha de los acarreados del 27 de noviembre, 2022, despleg\u00f3 toda una escenograf\u00eda para la auto\/contemplaci\u00f3n del herido narciso, L\u00f3pez Obrador.<\/p>\n<p>Y aunque se presente como el logro de toda una log\u00edstica del entusiasmo morenista, el acarreo obligado de la mayor\u00eda de los marchantes, fue c\u00ednico y desproporcionado.<\/p>\n<p>Y en el colmo de la ignominia no falt\u00f3 el pase de lista, para las legiones de aborregados manifestantes.<\/p>\n<p>Una de las consecuencias impl\u00edcitas de esta contra\/marcha reaccionaria, que nada tiene que ver con los ideales de una izquierda socialista, libertaria y democr\u00e1tica, ser\u00e1 la de concentrar a\u00fan m\u00e1s el poder pol\u00edtico en el aspirante a tirano, y actual presidente de M\u00e9xico.<\/p>\n<p>No se repararon en onerosos costos, pues s\u00f3lo el costo global de los acarreados, calculado magistralmente por el periodista de an\u00e1lisis, Dar\u00edo Celis, equivale a 750, millones de pesos, mdp. Desviados de sus actividades substantivas por gobernadores peleles del poder central, como Indira Vizca\u00edno, de Colima, alcaldes, y funcionarios morenos y sindicatos afines a la llamada, \u201ccuarta transformaci\u00f3n\u201d.<\/p>\n<p>Pues a cada acarreado se le tuvo que pagar entre 500 y mil pesos en promedio.<\/p>\n<p>Los gastos en transporte de los 700 mil movilizados provenientes de diferentes estados gobernador por Morena, m\u00e1s los 300 mil de la CDMX y el estado de M\u00e9xico colindante, implican 420 millones. Por los 17 mil, 500 autobuses utilizados.<\/p>\n<p>El hospedaje de los acarreados de los estados, signific\u00f3 un costo de 175 millones m\u00e1s.<\/p>\n<p>La alimentaci\u00f3n, otros 420 mdp.<\/p>\n<p>Por la parafernalia utilizada, como camisetas, gorras, y dem\u00e1s, 30 mdp.<\/p>\n<p>En total, hablamos de casi dos mil, millones de pesos, invertidos en una contra\/marcha sustentada y orientada hacia el clientelismo electorero morenista, convertido en un acto de masas may\u00fasculo, inducido y organizado desde la c\u00fapula del poder, del Estado.<\/p>\n<p>Como ser\u00e1n las pr\u00f3ximas elecciones incluida la presidencial del 2024. Elecciones de Estado. Al peor estilo de lo peor del PRI.<\/p>\n<p>Y all\u00ed, en el templete central, donde L\u00f3pez Obrador se siente a sus anchas, rodeado de su pueblo \u201cbueno\u201d, que en nada cuestiona sus graves errores y su intolerancia hacia las cr\u00edticas democr\u00e1ticas sustentadas, el m\u00e1ximo Tlatoani presidencial plasm\u00f3 la doctrina fundamental de la Cuarta Transformaci\u00f3n, a la que le denomin\u00f3 como \u201chumanismo a la mexicana\u201d.<\/p>\n<p>Todo un contrasentido, pues el humanismo filos\u00f3fico y pol\u00edtico como tal, heredero del Renacimiento europeo es de car\u00e1cter universal, y no capricho y ret\u00f3rica producto de un nacionalismo trasnochado.<\/p>\n<p><em>Carlos Ramiro Vargas. Todos los Derechos Reservados.<\/em><\/p>\n<p><em>Stockholm, Sweden, a 30 de noviembre, 2022.<\/em><\/p>\n","protected":false},"excerpt":{"rendered":"<p>Carlos Ramiro Vargas La contra\/marcha morenista del 27 de noviembre que congreg\u00f3 en la capital de la Rep\u00fablica a un mill\u00f3n de acarreados en su gran mayor\u00eda, -mill\u00f3n y medio dicen algunos-, ha sido la movilizaci\u00f3n oficial de Estado bajo hegemon\u00eda morenista, m\u00e1s costoso en la historia pol\u00edtica nacional. Su primer objetivo fue contra\/restar la&#8230;<\/p>\n","protected":false},"author":2,"featured_media":6370,"comment_status":"open","ping_status":"open","sticky":false,"template":"","format":"standard","meta":{"footnotes":""},"categories":[11],"tags":[29,30,28],"class_list":["post-25250","post","type-post","status-publish","format-standard","has-post-thumbnail","hentry","category-opinion","tag-grid","tag-news","tag-slider"],"_links":{"self":[{"href":"http:\/\/elobservatorio.com.mx\/index.php?rest_route=\/wp\/v2\/posts\/25250"}],"collection":[{"href":"http:\/\/elobservatorio.com.mx\/index.php?rest_route=\/wp\/v2\/posts"}],"about":[{"href":"http:\/\/elobservatorio.com.mx\/index.php?rest_route=\/wp\/v2\/types\/post"}],"author":[{"embeddable":true,"href":"http:\/\/elobservatorio.com.mx\/index.php?rest_route=\/wp\/v2\/users\/2"}],"replies":[{"embeddable":true,"href":"http:\/\/elobservatorio.com.mx\/index.php?rest_route=%2Fwp%2Fv2%2Fcomments&post=25250"}],"version-history":[{"count":0,"href":"http:\/\/elobservatorio.com.mx\/index.php?rest_route=\/wp\/v2\/posts\/25250\/revisions"}],"wp:featuredmedia":[{"embeddable":true,"href":"http:\/\/elobservatorio.com.mx\/index.php?rest_route=\/wp\/v2\/media\/6370"}],"wp:attachment":[{"href":"http:\/\/elobservatorio.com.mx\/index.php?rest_route=%2Fwp%2Fv2%2Fmedia&parent=25250"}],"wp:term":[{"taxonomy":"category","embeddable":true,"href":"http:\/\/elobservatorio.com.mx\/index.php?rest_route=%2Fwp%2Fv2%2Fcategories&post=25250"},{"taxonomy":"post_tag","embeddable":true,"href":"http:\/\/elobservatorio.com.mx\/index.php?rest_route=%2Fwp%2Fv2%2Ftags&post=25250"}],"curies":[{"name":"wp","href":"https:\/\/api.w.org\/{rel}","templated":true}]}}