{"id":25254,"date":"2022-12-05T14:41:02","date_gmt":"2022-12-05T20:41:02","guid":{"rendered":"http:\/\/elobservatorio.com.mx\/?p=25254"},"modified":"2022-12-05T14:41:02","modified_gmt":"2022-12-05T20:41:02","slug":"ven-u-de-c-y-canadevi-avances-en-la-villa-con-tey-gutierrez","status":"publish","type":"post","link":"http:\/\/elobservatorio.com.mx\/?p=25254","title":{"rendered":"Ven U de C y Canadevi avances en la Villa con Tey Guti\u00e9rrez"},"content":{"rendered":"<p class=\"x_gmail-MsoNoSpacing\"><b>Villa de \u00c1lvarez, Col.-<\/b>\u00a0El Rector de la Universidad de Colima, Christian Torres Ortiz Zerme\u00f1o, y el Presidente de la C\u00e1mara Nacional de Desarrolladores de Vivienda en Colima, Carlos Saucedo\u00a0 Mungu\u00eda, coincidieron que con la administraci\u00f3n municipal de Tey Guti\u00e9rrez Andrade, Villa de \u00c1lvarez presenta avances notorios.<\/p>\n<p class=\"x_gmail-MsoNoSpacing\">\u201cYo como vecino de Villa de \u00c1lvarez puedo constatar\u00a0 el trabajo realizado por la Presidenta Tey Guti\u00e9rrez, particularmente en materia de servicios p\u00fablicos municipales. Se nota una acci\u00f3n contundente en una mejor prestaci\u00f3n de todos los servicios p\u00fablicos\u201d, se\u00f1al\u00f3 el Rector Universitario.<\/p>\n<p class=\"x_gmail-MsoNoSpacing\">Torres Ortiz Zerme\u00f1o record\u00f3 que la U de C particip\u00f3 en una evaluaci\u00f3n externa al cumplimiento de metas de los primero 100 d\u00edas del gobierno de Villa de \u00c1lvarez, que en\u00a0 t\u00e9rminos generales fue muy positiva \u201cy ahora realizaremos un trabajo similar, pero del primer a\u00f1o de gobierno\u201d.<\/p>\n<p class=\"x_gmail-MsoNoSpacing\">Mencion\u00f3 que gracias a la colaboraci\u00f3n estrecha entre la M\u00e1xima Casa de Estudiosa Colimense y la administraci\u00f3n municipal de Villa de \u00c1lvarez, se logr\u00f3 la firma de un convenio\u00a0 entre ambas instituciones, el cual permitir\u00e1 a la Universidad de Colima participar en la Estrategia de Entornos Seguros y en la rehabilitaci\u00f3n del m\u00f3dulo de la Cruz Roja de la colonia Villas de la Tuna.<\/p>\n<p class=\"x_gmail-MsoNoSpacing\">Por su parte Carlos Saucedo, presidente de la Canadevi Colima, dijo que el sector de los desarrolladores de vivienda est\u00e1 muy contento con la administraci\u00f3n que encabeza Tey Guti\u00e9rrez, por la certeza jur\u00eddica y la confianza que genera a la inversi\u00f3n la pol\u00edtica de municipalizaci\u00f3n de colonias y fraccionamientos.<\/p>\n<p class=\"x_gmail-MsoNoSpacing\">\u201cEl programa de municipalizaci\u00f3n es el pago\u00a0 de una deuda de los gobiernos municipales con la ciudadan\u00eda, pues son bastantes los desarrollos que al inicio de la administraci\u00f3n presentaban ese rezago y hasta el momento son alrededor de 20 las acciones en esa materia realizadas en el primer a\u00f1o de gobierno\u201d, expres\u00f3 el empresario.<\/p>\n<p class=\"x_gmail-MsoNoSpacing\">Finalmente, explic\u00f3 que los fraccionamientos\u00a0 municipalizados son aquellos en los que los servicios p\u00fablicos como la recolecci\u00f3n de basura, el alumbrado, el mantenimiento de parques y jardines, de calles y banquetas son responsabilidad del Ayuntamiento, lo que los ubica en la formalidad y brinda certeza jur\u00eddica.<\/p>\n","protected":false},"excerpt":{"rendered":"<p>Villa de \u00c1lvarez, Col.-\u00a0El Rector de la Universidad de Colima, Christian Torres Ortiz Zerme\u00f1o, y el Presidente de la C\u00e1mara Nacional de Desarrolladores de Vivienda en Colima, Carlos Saucedo\u00a0 Mungu\u00eda, coincidieron que con la administraci\u00f3n municipal de Tey Guti\u00e9rrez Andrade, Villa de \u00c1lvarez presenta avances notorios. \u201cYo como vecino de Villa de \u00c1lvarez puedo constatar\u00a0&#8230;<\/p>\n","protected":false},"author":2,"featured_media":25255,"comment_status":"open","ping_status":"open","sticky":false,"template":"","format":"standard","meta":{"footnotes":""},"categories":[8,42],"tags":[29,30,28],"class_list":["post-25254","post","type-post","status-publish","format-standard","has-post-thumbnail","hentry","category-municipios","category-villa-de-alvarez","tag-grid","tag-news","tag-slider"],"_links":{"self":[{"href":"http:\/\/elobservatorio.com.mx\/index.php?rest_route=\/wp\/v2\/posts\/25254"}],"collection":[{"href":"http:\/\/elobservatorio.com.mx\/index.php?rest_route=\/wp\/v2\/posts"}],"about":[{"href":"http:\/\/elobservatorio.com.mx\/index.php?rest_route=\/wp\/v2\/types\/post"}],"author":[{"embeddable":true,"href":"http:\/\/elobservatorio.com.mx\/index.php?rest_route=\/wp\/v2\/users\/2"}],"replies":[{"embeddable":true,"href":"http:\/\/elobservatorio.com.mx\/index.php?rest_route=%2Fwp%2Fv2%2Fcomments&post=25254"}],"version-history":[{"count":0,"href":"http:\/\/elobservatorio.com.mx\/index.php?rest_route=\/wp\/v2\/posts\/25254\/revisions"}],"wp:featuredmedia":[{"embeddable":true,"href":"http:\/\/elobservatorio.com.mx\/index.php?rest_route=\/wp\/v2\/media\/25255"}],"wp:attachment":[{"href":"http:\/\/elobservatorio.com.mx\/index.php?rest_route=%2Fwp%2Fv2%2Fmedia&parent=25254"}],"wp:term":[{"taxonomy":"category","embeddable":true,"href":"http:\/\/elobservatorio.com.mx\/index.php?rest_route=%2Fwp%2Fv2%2Fcategories&post=25254"},{"taxonomy":"post_tag","embeddable":true,"href":"http:\/\/elobservatorio.com.mx\/index.php?rest_route=%2Fwp%2Fv2%2Ftags&post=25254"}],"curies":[{"name":"wp","href":"https:\/\/api.w.org\/{rel}","templated":true}]}}