{"id":25257,"date":"2022-12-05T15:15:31","date_gmt":"2022-12-05T21:15:31","guid":{"rendered":"http:\/\/elobservatorio.com.mx\/?p=25257"},"modified":"2022-12-05T15:15:31","modified_gmt":"2022-12-05T21:15:31","slug":"fiscal-de-colima-pacto-con-el-narco","status":"publish","type":"post","link":"http:\/\/elobservatorio.com.mx\/?p=25257","title":{"rendered":"\u201cFiscal de Colima, pacto con el narco?\u201d"},"content":{"rendered":"<p><strong>PARACA\u00cdDAS\u00a0<\/strong><\/p>\n<p><em>Rogelio Guedea<\/em><\/p>\n<p>La informaci\u00f3n procede de Guacamaya Leaks y ha sido ampliamente difundida a nivel nacional: hay tres fiscales en el pa\u00eds que, en documentos clasificados, aparecen con v\u00ednculos con el crimen organizado, el de Quer\u00e9taro, el de Aguascalientes y, sorpresivamente, el de Colima, Bryan Garc\u00eda Ram\u00edrez, a quien se le relaciona con el C\u00e1rtel Jalisco Nueva Generaci\u00f3n (CJNG).<\/p>\n<p>La informaci\u00f3n es un tanto cuestionable, en realidad, porque se basa s\u00f3lo en el hecho de que el nombre del fiscal colimense ha aparecido en mantas en las cuales expl\u00edcitamente se le acusa de esta relaci\u00f3n con el crimen, sin embargo la informaci\u00f3n tampoco debe demeritarse puesto que procede de documentos de la misma Sedena y, como se sabe, cuando el r\u00edo se oye es porque algo lleva.<\/p>\n<p>Obviamente, una informaci\u00f3n as\u00ed preocupa m\u00e1s dados los niveles de violencia a los que ha llegado nuestra entidad y, sobre todo, las caracter\u00edsticas de este tipo de violencia y c\u00f3mo se genera y desde d\u00f3nde. No es solamente una guerra entre c\u00e1rteles sino tambi\u00e9n una falta de estrategia para contenerla, por las razones que \u00e9stas sean, incluido el concili\u00e1bulo que presuntamente podr\u00eda existir entre autoridades y crimen organizado.<\/p>\n<p>La informaci\u00f3n que evidencia al fiscal de Colima por sus relaciones con el crimen organizado no puede, por tanto, tomarse ligeramente. Debe analizarse y procederse en consecuencia. Es importante decir, sin embargo, que la propia gobernadora Indira Vizca\u00edno, en una entrevista\u00a0\u00a0reciente con el periodista Max Cort\u00e9s, asegur\u00f3 que no exist\u00eda en su gobierno ning\u00fan pacto de ning\u00fan tipo con el crimen organizado y que ella estaba en ese sentido con la conciencia muy tranquila.<\/p>\n<p>La gobernadora fue contundente y nadie deber\u00eda dudar de que as\u00ed es, pero tambi\u00e9n es cierto que la naturaleza de la violencia en nuestro estado requiere una revisi\u00f3n a conciencia en las \u00e1reas encargadas del combate al crimen organizado con el fin de asegurarse de que efectivamente ni ella, como lo asegur\u00f3, ni nadie m\u00e1s tiene establecido un lazo de ese nivel con los grupos criminales.<\/p>\n<p>Son muchos y muy complejos los tejidos que se entreveran entre las autoridades policiales y el crimen organizado y la gobernadora deber\u00e1, por tanto, tomar cartas en el asunto para evitar que esto sea lo que realmente impide que vuelva la paz a nuestro estado.\u00a0\u00a0El flagelo de la violencia en Colima no desciende y la sociedad lo est\u00e1 resintiendo cada d\u00eda m\u00e1s, muy a su pesar. Como ya lo he dicho en otras entregas, es muy importante que la estrategia contra la inseguridad se revise de manera constante y la poblaci\u00f3n la conozca para que tambi\u00e9n pueda contribuir en ella, sin que esto siga conllevando el deterioro de su propio tejido social.<\/p>\n","protected":false},"excerpt":{"rendered":"<p>PARACA\u00cdDAS\u00a0 Rogelio Guedea La informaci\u00f3n procede de Guacamaya Leaks y ha sido ampliamente difundida a nivel nacional: hay tres fiscales en el pa\u00eds que, en documentos clasificados, aparecen con v\u00ednculos con el crimen organizado, el de Quer\u00e9taro, el de Aguascalientes y, sorpresivamente, el de Colima, Bryan Garc\u00eda Ram\u00edrez, a quien se le relaciona con el&#8230;<\/p>\n","protected":false},"author":2,"featured_media":1053,"comment_status":"open","ping_status":"open","sticky":false,"template":"","format":"standard","meta":{"footnotes":""},"categories":[11],"tags":[29,30,28],"class_list":["post-25257","post","type-post","status-publish","format-standard","has-post-thumbnail","hentry","category-opinion","tag-grid","tag-news","tag-slider"],"_links":{"self":[{"href":"http:\/\/elobservatorio.com.mx\/index.php?rest_route=\/wp\/v2\/posts\/25257"}],"collection":[{"href":"http:\/\/elobservatorio.com.mx\/index.php?rest_route=\/wp\/v2\/posts"}],"about":[{"href":"http:\/\/elobservatorio.com.mx\/index.php?rest_route=\/wp\/v2\/types\/post"}],"author":[{"embeddable":true,"href":"http:\/\/elobservatorio.com.mx\/index.php?rest_route=\/wp\/v2\/users\/2"}],"replies":[{"embeddable":true,"href":"http:\/\/elobservatorio.com.mx\/index.php?rest_route=%2Fwp%2Fv2%2Fcomments&post=25257"}],"version-history":[{"count":0,"href":"http:\/\/elobservatorio.com.mx\/index.php?rest_route=\/wp\/v2\/posts\/25257\/revisions"}],"wp:featuredmedia":[{"embeddable":true,"href":"http:\/\/elobservatorio.com.mx\/index.php?rest_route=\/wp\/v2\/media\/1053"}],"wp:attachment":[{"href":"http:\/\/elobservatorio.com.mx\/index.php?rest_route=%2Fwp%2Fv2%2Fmedia&parent=25257"}],"wp:term":[{"taxonomy":"category","embeddable":true,"href":"http:\/\/elobservatorio.com.mx\/index.php?rest_route=%2Fwp%2Fv2%2Fcategories&post=25257"},{"taxonomy":"post_tag","embeddable":true,"href":"http:\/\/elobservatorio.com.mx\/index.php?rest_route=%2Fwp%2Fv2%2Ftags&post=25257"}],"curies":[{"name":"wp","href":"https:\/\/api.w.org\/{rel}","templated":true}]}}