{"id":25264,"date":"2022-12-05T21:11:35","date_gmt":"2022-12-06T03:11:35","guid":{"rendered":"http:\/\/elobservatorio.com.mx\/?p=25264"},"modified":"2022-12-05T21:11:35","modified_gmt":"2022-12-06T03:11:35","slug":"compiten-contra-jovenes-de-29-estados-y-ganan-concurso-banxico-alumnos-del-bachillerato-33","status":"publish","type":"post","link":"http:\/\/elobservatorio.com.mx\/?p=25264","title":{"rendered":"Compiten contra j\u00f3venes de 29 estados y ganan concurso Banxico, alumnos del Bachillerato 33"},"content":{"rendered":"<p><em>*Ella y ellos son Iihuitl Arely Navarro Fuentes, Karol Josafat Cisneros Su\u00e1rez y Jos\u00e9 Rafael Guti\u00e9rrez Su\u00e1rez. Los acompa\u00f1\u00f3 el Dr. Eduardo Urz\u00faa como docente.<\/em><\/p>\n<p>Iihuitl Arely Navarro Fuentes, Karol Josafat Cisneros Su\u00e1rez y Jos\u00e9 Rafael Guti\u00e9rrez Su\u00e1rez, alumna y alumnos del Bachillerato 33 de la Universidad de Colima, ganaron este fin de semana el primer lugar del concurso nacional: \u201cPremio Contacto Banxico\u201d, en el que participaron estudiantes de bachillerato de 29 estados del pa\u00eds.<\/p>\n<p>Este premio, dice en sus bases, \u201cbusca promover, entre la juventud, un mayor conocimiento sobre las finalidades y funciones del Banco de M\u00e9xico y su papel en el desarrollo econ\u00f3mico del pa\u00eds; que las y los j\u00f3venes comiencen a involucrarse en temas relacionados con la raz\u00f3n de ser y quehacer del Banco Central y su objetivo prioritario, y que desarrollen las competencias necesarias para entender c\u00f3mo funciona el entorno econ\u00f3mico financiero\u201d.<\/p>\n<p>La ceremonia de premiaci\u00f3n se realiz\u00f3 en el Museo Interactivo de Econom\u00eda con la presencia de la gobernadora del Banco de M\u00e9xico, Victoria Rodr\u00edguez Ceja y dem\u00e1s funcionarios de dicha instituci\u00f3n.<\/p>\n<p>En esta edici\u00f3n, los equipos participantes pudieron hacerlo mediante un video o un trabajo escrito sobre el tema: \u201c\u00bfQu\u00e9 hace que funcione el dinero tanto en efectivo, como electr\u00f3nico? La confianza\u201d.<\/p>\n<p>Entrevistados sobre su participaci\u00f3n, la alumna y los alumnos ganadores dijeron que se enteraron por redes sociales del concurso, que se realiza cada a\u00f1o, y acordaron organizar un equipo para poder inscribirse e iniciar con las etapas que establece la convocatoria.<\/p>\n<p>El video, compartieron, consta de una introducci\u00f3n sobre c\u00f3mo ha evolucionado el dinero a lo largo de la historia, hasta lo que conocemos actualmente. En \u00e9l ejemplifican c\u00f3mo ha sido dicha evoluci\u00f3n, pero de una forma atractiva y din\u00e1mica y en 3s minutos con 50 segundos. En esta convocatoria participaron 900 trabajos, divididos entre videos y textos.<\/p>\n<p>Comentan que aparte de la satisfacci\u00f3n de ser los ganadores de este premio nacional, se sienten motivados por la experiencia. Incluso dos de ellos piensan estudiar Econom\u00eda.<\/p>\n<p>Eduardo Urz\u00faa, docente del Bachillerato 33 y quien fungi\u00f3 como maestro tutor del equipo, mencion\u00f3 en entrevista que el video fue muy elogiado por el jurado y las autoridades del banco. Se trata de un video, dice, que adem\u00e1s de claro es divertido; \u201cen la presentaci\u00f3n que se hace de manera general en la premiaci\u00f3n, los muchachos estuvieron fenomenales\u201d.<\/p>\n<p>Como profesor, asegur\u00f3, \u201ces muy significativo ver a los estudiantes desenvolvi\u00e9ndose frente a todas esas personas de primer nivel, responsables de la pol\u00edtica econ\u00f3mica nacional, tanto del Banco de M\u00e9xico como de la Secretar\u00eda de Hacienda y de las universidades m\u00e1s grandes del pa\u00eds que estaban presentes durante el evento\u201d.<\/p>\n<p>Considera valioso \u201cque compa\u00f1eros del nivel medio superior e incluso de superior y la comunidad en general en la Universidad, se den cuenta del nivel que tienen los estudiantes de la instituci\u00f3n, que estuvieron compitiendo en la etapa final con otras dos escuelas, una que pertenece al Instituto Polit\u00e9cnico Nacional y otra al Instituto Tecnol\u00f3gico de Monterrey, campus Estado de M\u00e9xico\u201d.<\/p>\n<p>Espera que m\u00e1s estudiantes conozcan este premio y se atrevan a participar, no s\u00f3lo por el premio e s\u00ed, sino por la experiencia y el aprendizaje; \u201cesto es apenas un escal\u00f3n para muchas otras cosas que ellos seguramente van a lograr\u201d.<\/p>\n","protected":false},"excerpt":{"rendered":"<p>*Ella y ellos son Iihuitl Arely Navarro Fuentes, Karol Josafat Cisneros Su\u00e1rez y Jos\u00e9 Rafael Guti\u00e9rrez Su\u00e1rez. Los acompa\u00f1\u00f3 el Dr. Eduardo Urz\u00faa como docente. Iihuitl Arely Navarro Fuentes, Karol Josafat Cisneros Su\u00e1rez y Jos\u00e9 Rafael Guti\u00e9rrez Su\u00e1rez, alumna y alumnos del Bachillerato 33 de la Universidad de Colima, ganaron este fin de semana el&#8230;<\/p>\n","protected":false},"author":2,"featured_media":25265,"comment_status":"open","ping_status":"open","sticky":false,"template":"","format":"standard","meta":{"footnotes":""},"categories":[14],"tags":[29,30,28],"class_list":["post-25264","post","type-post","status-publish","format-standard","has-post-thumbnail","hentry","category-educacion-y-cultura","tag-grid","tag-news","tag-slider"],"_links":{"self":[{"href":"http:\/\/elobservatorio.com.mx\/index.php?rest_route=\/wp\/v2\/posts\/25264"}],"collection":[{"href":"http:\/\/elobservatorio.com.mx\/index.php?rest_route=\/wp\/v2\/posts"}],"about":[{"href":"http:\/\/elobservatorio.com.mx\/index.php?rest_route=\/wp\/v2\/types\/post"}],"author":[{"embeddable":true,"href":"http:\/\/elobservatorio.com.mx\/index.php?rest_route=\/wp\/v2\/users\/2"}],"replies":[{"embeddable":true,"href":"http:\/\/elobservatorio.com.mx\/index.php?rest_route=%2Fwp%2Fv2%2Fcomments&post=25264"}],"version-history":[{"count":0,"href":"http:\/\/elobservatorio.com.mx\/index.php?rest_route=\/wp\/v2\/posts\/25264\/revisions"}],"wp:featuredmedia":[{"embeddable":true,"href":"http:\/\/elobservatorio.com.mx\/index.php?rest_route=\/wp\/v2\/media\/25265"}],"wp:attachment":[{"href":"http:\/\/elobservatorio.com.mx\/index.php?rest_route=%2Fwp%2Fv2%2Fmedia&parent=25264"}],"wp:term":[{"taxonomy":"category","embeddable":true,"href":"http:\/\/elobservatorio.com.mx\/index.php?rest_route=%2Fwp%2Fv2%2Fcategories&post=25264"},{"taxonomy":"post_tag","embeddable":true,"href":"http:\/\/elobservatorio.com.mx\/index.php?rest_route=%2Fwp%2Fv2%2Ftags&post=25264"}],"curies":[{"name":"wp","href":"https:\/\/api.w.org\/{rel}","templated":true}]}}