{"id":25312,"date":"2022-12-06T22:47:37","date_gmt":"2022-12-07T04:47:37","guid":{"rendered":"http:\/\/elobservatorio.com.mx\/?p=25312"},"modified":"2022-12-06T22:50:34","modified_gmt":"2022-12-07T04:50:34","slug":"decomisan-metanfetamina-en-interior-de-una-vivienda-en-arboledas-del-carmen","status":"publish","type":"post","link":"http:\/\/elobservatorio.com.mx\/?p=25312","title":{"rendered":"Decomisan metanfetamina en el  interior de una vivienda, en Arboledas del Carmen"},"content":{"rendered":"<p><i>*La droga se decomis\u00f3 tras una orden de cateo\u00a0<\/i><\/p>\n<p>Como resultado de un ordenamiento judicial autorizado por Juez de Control, la Fiscal\u00eda General del Estado (FGE) asegur\u00f3 narc\u00f3tico al interior de un domicilio ubicado en la colonia Arboledas del Carmen, en el municipio de Villa de \u00c1lvarez.<\/p>\n<p>Con apoyo en la seguridad perimetral de elementos de la SEDENA, Guardia Nacional y de agentes de la Polic\u00eda Estatal con un binomio canino, al intervenir el lugar, personal investigador de esta FGE localizaron bolsas pl\u00e1sticas conteniendo metanfetamina al interior.<\/p>\n<p>Luego de lo acontecido, la droga e inmueble quedaron resguardados por el ministerio p\u00fablico para el curso de las investigaciones.<\/p>\n<p>Para combatir la delincuencia y el narcomenudeo en la entidad, la Fiscal\u00eda de Colima continuar\u00e1 realizando estos mandamientos judiciales en los diez municipios de la entidad, en coordinaci\u00f3n con las corporaciones de los tres \u00f3rdenes de gobierno.<\/p>\n<p>Por lo anterior, es importante la colaboraci\u00f3n de la sociedad a trav\u00e9s de sus denuncias an\u00f3nimas a la l\u00ednea 089, y el reporte de las emergencias al 911, por ello se exhorta a seguirlas realizando.<\/p>\n","protected":false},"excerpt":{"rendered":"<p>*La droga se decomis\u00f3 tras una orden de cateo\u00a0 Como resultado de un ordenamiento judicial autorizado por Juez de Control, la Fiscal\u00eda General del Estado (FGE) asegur\u00f3 narc\u00f3tico al interior de un domicilio ubicado en la colonia Arboledas del Carmen, en el municipio de Villa de \u00c1lvarez. Con apoyo en la seguridad perimetral de elementos&#8230;<\/p>\n","protected":false},"author":2,"featured_media":25313,"comment_status":"open","ping_status":"open","sticky":false,"template":"","format":"standard","meta":{"footnotes":""},"categories":[15],"tags":[29,30,28],"class_list":["post-25312","post","type-post","status-publish","format-standard","has-post-thumbnail","hentry","category-seguridad-y-justicia","tag-grid","tag-news","tag-slider"],"_links":{"self":[{"href":"http:\/\/elobservatorio.com.mx\/index.php?rest_route=\/wp\/v2\/posts\/25312"}],"collection":[{"href":"http:\/\/elobservatorio.com.mx\/index.php?rest_route=\/wp\/v2\/posts"}],"about":[{"href":"http:\/\/elobservatorio.com.mx\/index.php?rest_route=\/wp\/v2\/types\/post"}],"author":[{"embeddable":true,"href":"http:\/\/elobservatorio.com.mx\/index.php?rest_route=\/wp\/v2\/users\/2"}],"replies":[{"embeddable":true,"href":"http:\/\/elobservatorio.com.mx\/index.php?rest_route=%2Fwp%2Fv2%2Fcomments&post=25312"}],"version-history":[{"count":0,"href":"http:\/\/elobservatorio.com.mx\/index.php?rest_route=\/wp\/v2\/posts\/25312\/revisions"}],"wp:featuredmedia":[{"embeddable":true,"href":"http:\/\/elobservatorio.com.mx\/index.php?rest_route=\/wp\/v2\/media\/25313"}],"wp:attachment":[{"href":"http:\/\/elobservatorio.com.mx\/index.php?rest_route=%2Fwp%2Fv2%2Fmedia&parent=25312"}],"wp:term":[{"taxonomy":"category","embeddable":true,"href":"http:\/\/elobservatorio.com.mx\/index.php?rest_route=%2Fwp%2Fv2%2Fcategories&post=25312"},{"taxonomy":"post_tag","embeddable":true,"href":"http:\/\/elobservatorio.com.mx\/index.php?rest_route=%2Fwp%2Fv2%2Ftags&post=25312"}],"curies":[{"name":"wp","href":"https:\/\/api.w.org\/{rel}","templated":true}]}}