{"id":25317,"date":"2022-12-06T23:22:37","date_gmt":"2022-12-07T05:22:37","guid":{"rendered":"http:\/\/elobservatorio.com.mx\/?p=25317"},"modified":"2022-12-06T23:22:37","modified_gmt":"2022-12-07T05:22:37","slug":"premian-a-ganadores-del-merito-municipal-a-la-juventud-villalvarense","status":"publish","type":"post","link":"http:\/\/elobservatorio.com.mx\/?p=25317","title":{"rendered":"Premian a ganadores del M\u00e9rito Municipal a la Juventud Villalvarense"},"content":{"rendered":"<p class=\"x_gmail-MsoNoSpacing\"><em>*Es reconocimiento a la juventud talentosa: Tey Guti\u00e9rrez<\/em><\/p>\n<p class=\"x_gmail-MsoNoSpacing\"><b>\u00a0<\/b><b>Villa de \u00c1lvarez, Col.-\u00a0\u00a0<\/b>El Ayuntamiento de Villa de \u00c1lvarez entreg\u00f3 el Premio al M\u00e9rito Municipal a la Juventud Villalvarense\u00a0 2022 \u201cGral. Manuel \u00c1lvarez\u201d a Luis Alberto Mendoza y a J\u00e9sica Roc\u00edo C\u00e1rdenas, en la categor\u00eda Arte, Cultura y Educaci\u00f3n, y a Jos\u00e9 Salvador Olgu\u00edn, en Responsabilidad Social, que recibieron una estatuilla y un est\u00edmulo econ\u00f3mico.<\/p>\n<p class=\"x_gmail-MsoNoSpacing\">En el Sal\u00f3n Presidentes de la Casa de la Cultura, la Alcaldesa\u00a0 Tey Guti\u00e9rrez Andrade felicit\u00f3 a los ganadores, a quienes reconoci\u00f3 como j\u00f3venes talentosos que le han dado mucho a la sociedad villalvarense, por ello es que\u00a0 la administraci\u00f3n municipal de Villa de \u00c1lvarez les reconoce sus aportaciones.<\/p>\n<p class=\"x_gmail-MsoNoSpacing\">La Presidenta Municipal les coment\u00f3 que no obstante sus grandes capacidades y liderazgo, tal vez les haya costado trascender, \u201cpues nunca\u00a0 falta el adulto que te pone el freno de mano, te ignora y no te tiende la mano\u201d, pese a ello, Tey Guti\u00e9rrez los exhort\u00f3 a luchar hasta que logren sus sue\u00f1os.<\/p>\n<p class=\"x_gmail-MsoNoSpacing\">A los ganadores del Premio al M\u00e9rito Municipal a la Juventud Villalvarense\u00a0 2022 \u201cGral. Manuel \u00c1lvarez\u201d, que destacaron entre 10 j\u00f3venes participantes, les pidi\u00f3\u00a0 que desarrollen los trabajos con los que participaron en el certamen, \u201cson grandes proyectos y les pido de todo coraz\u00f3n que no los dejen\u201d.<\/p>\n<p class=\"x_gmail-MsoNoSpacing\">Luis Alberto Mendoza, primer lugar del Premio al M\u00e9rito Municipal a la Juventud Villalvarense\u00a0 2022, reconoci\u00f3 al gobierno municipal de Villa de \u00c1lvarez por considerar los est\u00edmulos a las juventudes, tanto en la creaci\u00f3n del arte y la cultura, como en la promoci\u00f3n de acciones que ayudan a devolver a una dimensi\u00f3n m\u00e1s humana.<\/p>\n<p class=\"x_gmail-MsoNoSpacing\">La ganadora del segundo lugar, J\u00e9sica Roc\u00edo C\u00e1rdenas, luego de agradecer el reconocimiento recibido, dijo que las bellas artes, la cultura y la danza son pilares para consolidar una sociedad m\u00e1s humana, m\u00e1s emp\u00e1tica y m\u00e1s pac\u00edfica.<\/p>\n<p class=\"x_gmail-MsoNoSpacing\">Finalmente, Jos\u00e9 Salvador Olgu\u00edn, ganador del tercer lugar del certamen, extern\u00f3 su agradecimiento con los organizadores y habl\u00f3 de su inter\u00e9s por ayudar a personas con capacidades diferentes, ni\u00f1o, ni\u00f1as y adultos mayores, por lo que present\u00f3 el\u00a0 proyecto \u201cHablemos de frente\u201d.<\/p>\n<p class=\"x_gmail-MsoNoSpacing\">A la ceremonia de entrega del Premio al M\u00e9rito Municipal a la Juventud Villalvarense\u00a0 2022 asistieron el s\u00edndico, regidoras, regidoras, diputados del Parlamento Juvenil, regidores del Cabildo Juvenil y funcionarios y funcionarias municipales.<\/p>\n","protected":false},"excerpt":{"rendered":"<p>*Es reconocimiento a la juventud talentosa: Tey Guti\u00e9rrez \u00a0Villa de \u00c1lvarez, Col.-\u00a0\u00a0El Ayuntamiento de Villa de \u00c1lvarez entreg\u00f3 el Premio al M\u00e9rito Municipal a la Juventud Villalvarense\u00a0 2022 \u201cGral. Manuel \u00c1lvarez\u201d a Luis Alberto Mendoza y a J\u00e9sica Roc\u00edo C\u00e1rdenas, en la categor\u00eda Arte, Cultura y Educaci\u00f3n, y a Jos\u00e9 Salvador Olgu\u00edn, en Responsabilidad Social,&#8230;<\/p>\n","protected":false},"author":2,"featured_media":25318,"comment_status":"open","ping_status":"open","sticky":false,"template":"","format":"standard","meta":{"footnotes":""},"categories":[8,42],"tags":[29,30,28],"class_list":["post-25317","post","type-post","status-publish","format-standard","has-post-thumbnail","hentry","category-municipios","category-villa-de-alvarez","tag-grid","tag-news","tag-slider"],"_links":{"self":[{"href":"http:\/\/elobservatorio.com.mx\/index.php?rest_route=\/wp\/v2\/posts\/25317"}],"collection":[{"href":"http:\/\/elobservatorio.com.mx\/index.php?rest_route=\/wp\/v2\/posts"}],"about":[{"href":"http:\/\/elobservatorio.com.mx\/index.php?rest_route=\/wp\/v2\/types\/post"}],"author":[{"embeddable":true,"href":"http:\/\/elobservatorio.com.mx\/index.php?rest_route=\/wp\/v2\/users\/2"}],"replies":[{"embeddable":true,"href":"http:\/\/elobservatorio.com.mx\/index.php?rest_route=%2Fwp%2Fv2%2Fcomments&post=25317"}],"version-history":[{"count":0,"href":"http:\/\/elobservatorio.com.mx\/index.php?rest_route=\/wp\/v2\/posts\/25317\/revisions"}],"wp:featuredmedia":[{"embeddable":true,"href":"http:\/\/elobservatorio.com.mx\/index.php?rest_route=\/wp\/v2\/media\/25318"}],"wp:attachment":[{"href":"http:\/\/elobservatorio.com.mx\/index.php?rest_route=%2Fwp%2Fv2%2Fmedia&parent=25317"}],"wp:term":[{"taxonomy":"category","embeddable":true,"href":"http:\/\/elobservatorio.com.mx\/index.php?rest_route=%2Fwp%2Fv2%2Fcategories&post=25317"},{"taxonomy":"post_tag","embeddable":true,"href":"http:\/\/elobservatorio.com.mx\/index.php?rest_route=%2Fwp%2Fv2%2Ftags&post=25317"}],"curies":[{"name":"wp","href":"https:\/\/api.w.org\/{rel}","templated":true}]}}