{"id":25331,"date":"2022-12-07T17:15:59","date_gmt":"2022-12-07T23:15:59","guid":{"rendered":"http:\/\/elobservatorio.com.mx\/?p=25331"},"modified":"2022-12-07T17:15:59","modified_gmt":"2022-12-07T23:15:59","slug":"diputados-federales-tendran-gira-de-trabajo-en-el-puerto-de-manzanillo","status":"publish","type":"post","link":"http:\/\/elobservatorio.com.mx\/?p=25331","title":{"rendered":"Diputados federales tendr\u00e1n gira de trabajo en el Puerto de Manzanillo"},"content":{"rendered":"<p>*Las diputadas y diputados integrantes de la Comisi\u00f3n de Marina impulsan el trabajo legislativo para el desarrollo mar\u00edtimo nacional<\/p>\n<p>La Comisi\u00f3n de Marina de la C\u00e1mara de Diputados del Congreso de la Uni\u00f3n, visitar\u00e1 el Puerto de Manzanillo con el objetivo de llevar a cabo reuniones de trabajo con todos los actores que convergen en este importante pilar del desarrollo econ\u00f3mico de nuestro Estado y M\u00e9xico, anunci\u00f3 la diputada federal Julia Licet Jim\u00e9nez Angulo, secretaria de esta Comisi\u00f3n.<\/p>\n<p>Detall\u00f3 que las diputadas y diputados federales estar\u00e1n en Manzanillo los d\u00edas 9 y 10 de diciembre, \u201cen la Comisi\u00f3n de Marina nos hemos planteado el objetivo de impulsar el trabajo legislativo para el desarrollo mar\u00edtimo nacional, pues sabemos que los puertos mexicanos van creciendo, entonces el marco legislativo debe estar acorde a todos estos cambios\u201d, dijo la diputada federal Julia Jim\u00e9nez.<\/p>\n<p>Adem\u00e1s de la Comisi\u00f3n de Marina, tambi\u00e9n estar\u00e1n participando las Comisiones de Pesca y Medio Ambiente, \u201cManzanillo tiene gran relevancia econ\u00f3mica, por eso insist\u00ed en las gestiones correspondientes para quienes integramos estas comisiones podamos tener esta gira de trabajo con representantes de todos los sectores importantes de nuestra ciudad Puerto\u201d, asegur\u00f3.<\/p>\n<p>Julia Jim\u00e9nez detall\u00f3 que el primer d\u00eda sostendr\u00e1n reuniones en el Recinto Portuario con directivos de Asipona, Capitan\u00eda de Puertos y de la Direcci\u00f3n General de Operaci\u00f3n Aduanera.<\/p>\n<p>\u201cSabemos de los retos, problem\u00e1ticas y potencial que tiene nuestro Puerto, por eso como diputados federales estamos con la mejor disposici\u00f3n de coadyubar para darle soluci\u00f3n a estas problem\u00e1ticas que se han venido dando debido al crecimiento del puerto\u201d, indic\u00f3.<\/p>\n<p>\u201cManzanillo sostiene el liderazgo nacional en manejo de carga contenerizada, con un total de 2 millones 565 mil 132 de TEU&#8217;s, lo que representa el 41.3% de los contenedores operados por los Puertos de M\u00e9xico. En cada mes, ha superado su capacidad en m\u00e1s de 3% a comparaci\u00f3n del a\u00f1o pasado, por eso reiteramos que es esencial para la econom\u00eda de nuestro Pa\u00eds\u201d, comunic\u00f3.<\/p>\n<p>\u201cPara el segundo d\u00eda, nos reuniremos con el sector pesquero de Manzanillo, que por muchos a\u00f1os ha estado abandonado, a pesar de ser sost\u00e9n econ\u00f3mico para muchas familias, con este sector ya nos hemos reunido anteriormente y ahora esperamos darle soluci\u00f3n a sus demandas para que puedan seguir desarrollando la pesca ribere\u00f1a\u201d, expuso.<\/p>\n<p>Despu\u00e9s se reunir\u00e1n con agentes navieros y aduanales, que son los que hacen posible las importaciones y exportaciones de comercio, tambi\u00e9n son un importante sector para nuestro Pa\u00eds. Finalmente, atender\u00e1n al sector de transportistas.<\/p>\n","protected":false},"excerpt":{"rendered":"<p>*Las diputadas y diputados integrantes de la Comisi\u00f3n de Marina impulsan el trabajo legislativo para el desarrollo mar\u00edtimo nacional La Comisi\u00f3n de Marina de la C\u00e1mara de Diputados del Congreso de la Uni\u00f3n, visitar\u00e1 el Puerto de Manzanillo con el objetivo de llevar a cabo reuniones de trabajo con todos los actores que convergen en&#8230;<\/p>\n","protected":false},"author":2,"featured_media":25332,"comment_status":"open","ping_status":"open","sticky":false,"template":"","format":"standard","meta":{"footnotes":""},"categories":[1],"tags":[29,30,28],"class_list":["post-25331","post","type-post","status-publish","format-standard","has-post-thumbnail","hentry","category-espacio-legislativo","tag-grid","tag-news","tag-slider"],"_links":{"self":[{"href":"http:\/\/elobservatorio.com.mx\/index.php?rest_route=\/wp\/v2\/posts\/25331"}],"collection":[{"href":"http:\/\/elobservatorio.com.mx\/index.php?rest_route=\/wp\/v2\/posts"}],"about":[{"href":"http:\/\/elobservatorio.com.mx\/index.php?rest_route=\/wp\/v2\/types\/post"}],"author":[{"embeddable":true,"href":"http:\/\/elobservatorio.com.mx\/index.php?rest_route=\/wp\/v2\/users\/2"}],"replies":[{"embeddable":true,"href":"http:\/\/elobservatorio.com.mx\/index.php?rest_route=%2Fwp%2Fv2%2Fcomments&post=25331"}],"version-history":[{"count":0,"href":"http:\/\/elobservatorio.com.mx\/index.php?rest_route=\/wp\/v2\/posts\/25331\/revisions"}],"wp:featuredmedia":[{"embeddable":true,"href":"http:\/\/elobservatorio.com.mx\/index.php?rest_route=\/wp\/v2\/media\/25332"}],"wp:attachment":[{"href":"http:\/\/elobservatorio.com.mx\/index.php?rest_route=%2Fwp%2Fv2%2Fmedia&parent=25331"}],"wp:term":[{"taxonomy":"category","embeddable":true,"href":"http:\/\/elobservatorio.com.mx\/index.php?rest_route=%2Fwp%2Fv2%2Fcategories&post=25331"},{"taxonomy":"post_tag","embeddable":true,"href":"http:\/\/elobservatorio.com.mx\/index.php?rest_route=%2Fwp%2Fv2%2Ftags&post=25331"}],"curies":[{"name":"wp","href":"https:\/\/api.w.org\/{rel}","templated":true}]}}